{"id":11006,"date":"2025-07-07T12:11:25","date_gmt":"2025-07-07T10:11:25","guid":{"rendered":"https:\/\/www.migration-macht-gesellschaft.de\/ein-jahr-bezahlkarte-ein-jahr-solidarischer-kartentausch\/"},"modified":"2025-07-07T12:13:54","modified_gmt":"2025-07-07T10:13:54","slug":"ein-jahr-bezahlkarte-ein-jahr-solidarischer-kartentausch","status":"publish","type":"post","link":"https:\/\/www.migration-macht-gesellschaft.de\/en\/ein-jahr-bezahlkarte-ein-jahr-solidarischer-kartentausch\/","title":{"rendered":"Ein Jahr BEZAHLKARTE &#8211; Ein Jahr solidarischer KARTENTAUSCH"},"content":{"rendered":"<h1>Ein Jahr Bezahlkarte<br \/>\nin Jahr solidarischer Kartentausch<\/h1>\n<h3 aria-live=\"assertive\">Eine Bilanz<\/h3>\n<p>&nbsp;<\/p>\n<p><strong>Veranstaltung von OFFEN! <\/strong><strong><br \/>\nDonnerstag 10. Juli um 19 Uhr im LUISE Kulturzentrum, Ruppertstra\u00dfe 5, M\u00fcnchen<\/strong><\/p>\n<p>&nbsp;<\/p>\n<p>Das Bayerische Innenministerium vor einem Jahr: &#8220;nur wenige Menschen w\u00fcrden dauerhaft bereit sein, solche Gutscheine abzukaufen&#8221;. Der Tenor war klar: Der solidarische Kartentausch sei ein Strohfeuer \u2013 kurzlebig, ineffektiv, aussichtslos.<br \/>\n<strong>Es kam anders.<\/strong><\/p>\n<p>&nbsp;<\/p>\n<p>Ein Jahr sp\u00e4ter zeigt sich ein v\u00f6llig anderes Bild: Bayernweit \u2013 sogar Deutschlandweit \u2013 sind Tauschstellen entstanden, betrieben von unz\u00e4hligen engagierten Ehrenamtlichen. Tausende Gefl\u00fcchtete wurden so unterst\u00fctzt \u2013 direkt, unb\u00fcrokratisch, menschlich. Und trotz zahlreicher Versuche der Diffamierung und Kriminalisierung blieb der solidarische Kartentausch nicht nur bestehen, sondern wuchs kontinuierlich. Die Angriffe zur Kriminalisierung verpufften \u2013 es fehlte an rechtlicher Substanz.<\/p>\n<p>&nbsp;<\/p>\n<p>Zum einj\u00e4hrigen Bestehen des solidarischen Kartentauschs l\u00e4dt OFFEN! am 10. Juli um 19 Uhr\u00a0 ins Luise Kulturzentrum in M\u00fcnchen ein. Gemeinsam ziehen wir eine Zwischenbilanz: Was wurde erreicht, welche Herausforderungen bestehen, und wie kann der Widerstand gegen die diskriminierende Bezahlkarte weitergehen?<br \/>\nBerichten werden:<\/p>\n<p><strong>Katharina Grote<\/strong> | Bayerischen Fl\u00fcchtlingsrat:<br \/>\nEinordnung der rechtlichen und politischen Lage<br \/>\n<strong><br \/>\nBetroffene Bezahlkarten-Empf\u00e4ngerinnen<\/strong>:<br \/>\nStimmen aus dem Alltag<\/p>\n<p>&nbsp;<\/p>\n<p><strong>Ehrenamtliche<\/strong> | Offen! Kartentausch-Netzwerk:<\/p>\n<p>Einblicke in die solidarische Struktur<\/p>\n<p>&nbsp;<\/p>\n<p><strong>Leo Deumens<\/strong>, Rat der Stadt\u00a0 Aachen:<br \/>\nEine Stadt verweigert die Einf\u00fchrung der Bezahlkarte \u2013 ein m\u00f6gliches Vorbild?<\/p>\n<p>Veranstalter: OFFENT! f\u00fcr eine solidarische Gesellschaft &#8211; c\/o B\u00fcro f\u00fcr au\u00dfergew\u00fchnliche Angelegenheiten<\/p>\n","protected":false},"excerpt":{"rendered":"<p>Ein Jahr Bezahlkarte in Jahr solidarischer Kartentausch Eine Bilanz &nbsp; Veranstaltung von OFFEN! Donnerstag 10. Juli um 19 Uhr im LUISE Kulturzentrum, Ruppertstra\u00dfe 5, M\u00fcnchen &nbsp; Das Bayerische Innenministerium vor einem Jahr: &#8220;nur wenige Menschen w\u00fcrden dauerhaft bereit sein, solche Gutscheine abzukaufen&#8221;. Der Tenor war klar: Der solidarische Kartentausch sei ein Strohfeuer \u2013 kurzlebig, ineffektiv, [&hellip;]<\/p>\n","protected":false},"author":3,"featured_media":10996,"comment_status":"closed","ping_status":"closed","sticky":false,"template":"","format":"standard","meta":{"footnotes":""},"categories":[18,6],"tags":[],"class_list":["post-11006","post","type-post","status-publish","format-standard","has-post-thumbnail","hentry","category-events","category-news"],"_links":{"self":[{"href":"https:\/\/www.migration-macht-gesellschaft.de\/en\/wp-json\/wp\/v2\/posts\/11006","targetHints":{"allow":["GET"]}}],"collection":[{"href":"https:\/\/www.migration-macht-gesellschaft.de\/en\/wp-json\/wp\/v2\/posts"}],"about":[{"href":"https:\/\/www.migration-macht-gesellschaft.de\/en\/wp-json\/wp\/v2\/types\/post"}],"author":[{"embeddable":true,"href":"https:\/\/www.migration-macht-gesellschaft.de\/en\/wp-json\/wp\/v2\/users\/3"}],"replies":[{"embeddable":true,"href":"https:\/\/www.migration-macht-gesellschaft.de\/en\/wp-json\/wp\/v2\/comments?post=11006"}],"version-history":[{"count":2,"href":"https:\/\/www.migration-macht-gesellschaft.de\/en\/wp-json\/wp\/v2\/posts\/11006\/revisions"}],"predecessor-version":[{"id":11018,"href":"https:\/\/www.migration-macht-gesellschaft.de\/en\/wp-json\/wp\/v2\/posts\/11006\/revisions\/11018"}],"wp:featuredmedia":[{"embeddable":true,"href":"https:\/\/www.migration-macht-gesellschaft.de\/en\/wp-json\/wp\/v2\/media\/10996"}],"wp:attachment":[{"href":"https:\/\/www.migration-macht-gesellschaft.de\/en\/wp-json\/wp\/v2\/media?parent=11006"}],"wp:term":[{"taxonomy":"category","embeddable":true,"href":"https:\/\/www.migration-macht-gesellschaft.de\/en\/wp-json\/wp\/v2\/categories?post=11006"},{"taxonomy":"post_tag","embeddable":true,"href":"https:\/\/www.migration-macht-gesellschaft.de\/en\/wp-json\/wp\/v2\/tags?post=11006"}],"curies":[{"name":"wp","href":"https:\/\/api.w.org\/{rel}","templated":true}]}}