{"id":11471,"date":"2025-10-05T09:31:28","date_gmt":"2025-10-05T07:31:28","guid":{"rendered":"https:\/\/www.migration-macht-gesellschaft.de\/wir-stellen-ein-2\/"},"modified":"2025-12-09T14:08:36","modified_gmt":"2025-12-09T13:08:36","slug":"wir-stellen-ein-2","status":"publish","type":"post","link":"https:\/\/www.migration-macht-gesellschaft.de\/en\/wir-stellen-ein-2\/","title":{"rendered":"Stelle ist bereits besetzt!"},"content":{"rendered":"<h1 style=\"text-align: center;\"><strong><span style=\"color: #ff0000;\">Stelle ist bereits besetz!<\/span><\/strong><\/h1>\n<h1 style=\"text-align: center;\"><img loading=\"lazy\" decoding=\"async\" class=\"alignnone size-full wp-image-6722 aligncenter\" src=\"https:\/\/www.migration-macht-gesellschaft.de\/wp-content\/uploads\/2023\/11\/Logo-Slide-2000-300-MMG-scaled.jpg\" alt=\"\" width=\"2560\" height=\"384\" srcset=\"https:\/\/www.migration-macht-gesellschaft.de\/wp-content\/uploads\/2023\/11\/Logo-Slide-2000-300-MMG-scaled.jpg 2560w, https:\/\/www.migration-macht-gesellschaft.de\/wp-content\/uploads\/2023\/11\/Logo-Slide-2000-300-MMG-300x45.jpg 300w, https:\/\/www.migration-macht-gesellschaft.de\/wp-content\/uploads\/2023\/11\/Logo-Slide-2000-300-MMG-1030x154.jpg 1030w, https:\/\/www.migration-macht-gesellschaft.de\/wp-content\/uploads\/2023\/11\/Logo-Slide-2000-300-MMG-768x115.jpg 768w, https:\/\/www.migration-macht-gesellschaft.de\/wp-content\/uploads\/2023\/11\/Logo-Slide-2000-300-MMG-1536x230.jpg 1536w, https:\/\/www.migration-macht-gesellschaft.de\/wp-content\/uploads\/2023\/11\/Logo-Slide-2000-300-MMG-2048x307.jpg 2048w, https:\/\/www.migration-macht-gesellschaft.de\/wp-content\/uploads\/2023\/11\/Logo-Slide-2000-300-MMG-1500x225.jpg 1500w, https:\/\/www.migration-macht-gesellschaft.de\/wp-content\/uploads\/2023\/11\/Logo-Slide-2000-300-MMG-705x106.jpg 705w\" sizes=\"auto, (max-width: 2560px) 100vw, 2560px\" \/><\/h1>\n<p style=\"text-align: center;\">Migration macht Gesellschaft e.V. hat <strong>ab 01.01.2026<\/strong> eine Minijob-Stelle als<\/p>\n<p style=\"text-align: center;\"><strong>Organisatorisch-p\u00e4dagogische Mitarbeiter:in beim Projekt Rechtshilfe <\/strong><\/p>\n<p style=\"text-align: center;\">(m\/w\/d) (7 Wochenstunden) zu besetzen.<\/p>\n<p><span style=\"color: #ff9900;\"><strong><u>\u00dcber uns:<\/u><\/strong><\/span><\/p>\n<p>MIGRATION MACHT GESELLSCHAFT ist ein gemeinn\u00fctziger Verein, den es seit 1988 gibt. Die Rechtshilfe ist ein Projekt des Vereins. Wir setzen uns ein f\u00fcr eine inklusive(re) Stadtgesellschaft, in der es allen M\u00fcnchner:innen m\u00f6glich ist, am gesellschaftlichen Leben gleichberechtigt teilzuhaben.<\/p>\n<p>Bedingt durch ein weites Verst\u00e4ndnis von Inklusion, das unserer Arbeit zugrunde liegt, zielen unsere Angebote somit fortw\u00e4hrend auf die Verringerung verschiedener Diskriminierungsformen sowie deren Ineinanderwirken ab, richten sich jedoch insbesondere an M\u00fcnchner:innen, die auf unterschiedlichen Ebenen Rassismus erfahren.<\/p>\n<p><span style=\"color: #ff9900;\"><strong><u>Zum Projekt:<\/u><\/strong><\/span><\/p>\n<p>Die Rechtshilfe gibt es seit 1982 und ist ein Projekt von Migration macht Gesellschaft e.V. Bei uns bieten ca. 15 Fachanw\u00e4lt:innen f\u00fcr Asyl- und Aufenthaltsrecht eine Erstberatung zu allen Fragen im Asyl-, Aufenthalts- und Migrationsrecht an. Die Beratung findet immer Dienstags abends entweder vor Ort im EineWeltHaus oder am Telefon statt. Die ehrenamtlichen Beisitzer:innen unterst\u00fctzen bei der Anmeldung, dem Beratungsablauf und durch Protokolle.<\/p>\n<p><span style=\"color: #ff9900;\"><strong><u>Deine Aufgaben: <\/u><\/strong><\/span><\/p>\n<ul>\n<li>Bearbeitung von Beratungsanfragen<\/li>\n<li>Telefonische, schriftliche und pers\u00f6nliche Terminvereinbarungen mit den Ratsuchenden<\/li>\n<li>Ehrenamtskoordination und Zusammenarbeit mit Anw\u00e4lt:innen<\/li>\n<li>Vorbereitung und Koordination der Beratungen<\/li>\n<li>Einarbeitung von neuen Ehrenamtlichen<\/li>\n<li>Berichtswesen und Statistik<\/li>\n<\/ul>\n<p><span style=\"color: #ff9900;\"><strong><u>Dein Profil:<\/u><\/strong><\/span><\/p>\n<ul>\n<li>Erfahrung in sozialen und organisatorischen Arbeitsfeldern erw\u00fcnscht<\/li>\n<li>Kenntnisse in der diskriminierungs- und rassismuskritischen Arbeit<\/li>\n<li>Kenntnisse in Asyl-, Aufenthalts- und Migrationsrecht sind von Vorteil<\/li>\n<li>hohe Kommunikationskompetenz<\/li>\n<li>Erfahrung mit Standardsoftware (Word, Excel)<\/li>\n<li>Flexibilit\u00e4t und Teamf\u00e4higkeit, Bereitschaft zu Abendarbeitszeiten (insb. Dienstags)<\/li>\n<li>Fremdsprachenkenntnisse sind von Vorteil<\/li>\n<\/ul>\n<p><em>Bewerber:innen mit marginalisierten Perspektiven, vor allem von Menschen mit Migrationsbiografien, die die genannten Einstellungsvoraussetzungen erf\u00fcllen, sind ausdr\u00fccklich erw\u00fcnscht.<\/em><\/p>\n<p><span style=\"color: #ff9900;\"><strong><u>Haben wir dein Interesse geweckt? <\/u><\/strong><\/span><\/p>\n<p>Dann sende uns deine vollst\u00e4ndigen Bewerbungsunterlagen (Anschreiben, tabellarischer Lebenslauf, Zeugnisse etc.) bis <strong>24.11.25<\/strong> unter dem Stichwort \u201eRechtshilfe\u201c per E-Mail an <strong>l.askar@migration-macht-gesellschaft.de<\/strong>. Bei R\u00fcckfragen kannst du dich gerne an Levent A\u015fkar wenden.<\/p>\n<p>&nbsp;<\/p>\n","protected":false},"excerpt":{"rendered":"<p>Stelle ist bereits besetz! Migration macht Gesellschaft e.V. hat ab 01.01.2026 eine Minijob-Stelle als Organisatorisch-p\u00e4dagogische Mitarbeiter:in beim Projekt Rechtshilfe (m\/w\/d) (7 Wochenstunden) zu besetzen. \u00dcber uns: MIGRATION MACHT GESELLSCHAFT ist ein gemeinn\u00fctziger Verein, den es seit 1988 gibt. Die Rechtshilfe ist ein Projekt des Vereins. Wir setzen uns ein f\u00fcr eine inklusive(re) Stadtgesellschaft, in der [&hellip;]<\/p>\n","protected":false},"author":3,"featured_media":11663,"comment_status":"closed","ping_status":"closed","sticky":false,"template":"","format":"standard","meta":{"footnotes":""},"categories":[18,6],"tags":[],"class_list":["post-11471","post","type-post","status-publish","format-standard","has-post-thumbnail","hentry","category-events","category-news"],"_links":{"self":[{"href":"https:\/\/www.migration-macht-gesellschaft.de\/en\/wp-json\/wp\/v2\/posts\/11471","targetHints":{"allow":["GET"]}}],"collection":[{"href":"https:\/\/www.migration-macht-gesellschaft.de\/en\/wp-json\/wp\/v2\/posts"}],"about":[{"href":"https:\/\/www.migration-macht-gesellschaft.de\/en\/wp-json\/wp\/v2\/types\/post"}],"author":[{"embeddable":true,"href":"https:\/\/www.migration-macht-gesellschaft.de\/en\/wp-json\/wp\/v2\/users\/3"}],"replies":[{"embeddable":true,"href":"https:\/\/www.migration-macht-gesellschaft.de\/en\/wp-json\/wp\/v2\/comments?post=11471"}],"version-history":[{"count":4,"href":"https:\/\/www.migration-macht-gesellschaft.de\/en\/wp-json\/wp\/v2\/posts\/11471\/revisions"}],"predecessor-version":[{"id":11672,"href":"https:\/\/www.migration-macht-gesellschaft.de\/en\/wp-json\/wp\/v2\/posts\/11471\/revisions\/11672"}],"wp:featuredmedia":[{"embeddable":true,"href":"https:\/\/www.migration-macht-gesellschaft.de\/en\/wp-json\/wp\/v2\/media\/11663"}],"wp:attachment":[{"href":"https:\/\/www.migration-macht-gesellschaft.de\/en\/wp-json\/wp\/v2\/media?parent=11471"}],"wp:term":[{"taxonomy":"category","embeddable":true,"href":"https:\/\/www.migration-macht-gesellschaft.de\/en\/wp-json\/wp\/v2\/categories?post=11471"},{"taxonomy":"post_tag","embeddable":true,"href":"https:\/\/www.migration-macht-gesellschaft.de\/en\/wp-json\/wp\/v2\/tags?post=11471"}],"curies":[{"name":"wp","href":"https:\/\/api.w.org\/{rel}","templated":true}]}}