{"id":1519,"date":"2021-09-24T17:58:07","date_gmt":"2021-09-24T15:58:07","guid":{"rendered":"https:\/\/www.migration-macht-gesellschaft.de\/?p=1519"},"modified":"2021-09-24T17:58:07","modified_gmt":"2021-09-24T15:58:07","slug":"bildung-anders-machen-tage-der-bildungsalternativen-14-10-16-10-21-muenchen","status":"publish","type":"post","link":"https:\/\/www.migration-macht-gesellschaft.de\/en\/bildung-anders-machen-tage-der-bildungsalternativen-14-10-16-10-21-muenchen\/","title":{"rendered":"Bildung.anders.machen. \u2013 Tage der Bildungsalternativen 14.10 &#8211; 16.10.21 M\u00fcnchen"},"content":{"rendered":"<div class=\"av-special-heading av-special-heading-h1 blockquote modern-quote avia-builder-el-1 el_after_av_slideshow_full el_before_av_two_third avia-builder-el-first \">\n<h1 class=\"av-special-heading-tag \">Wie wollen wir in Zukunft lernen?<\/h1>\n<\/div>\n<div class=\"flex_column av_two_third flex_column_div av-zero-column-padding first avia-builder-el-2 el_after_av_heading el_before_av_one_third \">\n<section class=\"av_textblock_section \">\n<div class=\"avia_textblock \">\n<p><strong>Wie soll die Bildung von Morgen aussehen? Wie m\u00f6chten wir in Zukunft miteinander auf diesem Planeten leben? Auf diese Fragen wollen wir Antworten finden.<\/strong><\/p>\n<p>F\u00fcr eine solidarische Gemeinschaft, in der Menschenrechte, sozial-\u00f6kologische Gerechtigkeit, Inklusion, Demokratie und Nachhaltigkeit tats\u00e4chlich gelebt werden, m\u00fcssen wir Bildung ganzheitlich denken. Wir brauchen ein Bildungssystem, das seinen Fokus auf die Bed\u00fcrfnisse von Menschen und Natur richtet und sie nicht als Wirtschaftsressourcen betrachtet.<\/p>\n<p>Bei der Veranstaltung \u201eBildung.anders.machen \u2013 Tage der Bildungsalternativen\u201c vom 14.-16. Oktober 2021 wollen wir zusammen mit Jugendlichen, Sch\u00fcler*innen, Lehrenden und Interessierten Visionen f\u00fcr die Bildung von Morgen stricken. Und damit einen inspirierenden und empowernden, politisch und \u00f6ffentlich wirksamen Beitrag zur Transformation der Bildung und f\u00fcr mehr Bildung f\u00fcr Nachhaltige Entwicklung (BNE) in M\u00fcnchen und Bayern leisten.<\/p>\n<\/div>\n<div  class='avia-button-wrap avia-button-center  avia-builder-el-0  avia-builder-el-no-sibling ' ><a href='https:\/\/bildungandersmachen.de\/' class='avia-button   avia-icon_select-no avia-color-theme-color avia-size-small avia-position-center ' target=\"_blank\" rel=\"noopener\"><span class='avia_iconbox_title' >Mehr Infos<\/span><\/a><\/div>\n<\/section>\n<\/div>\n","protected":false},"excerpt":{"rendered":"<p>Wie wollen wir in Zukunft lernen? Wie soll die Bildung von Morgen aussehen? Wie m\u00f6chten wir in Zukunft miteinander auf diesem Planeten leben? Auf diese Fragen wollen wir Antworten finden. F\u00fcr eine solidarische Gemeinschaft, in der Menschenrechte, sozial-\u00f6kologische Gerechtigkeit, Inklusion, Demokratie und Nachhaltigkeit tats\u00e4chlich gelebt werden, m\u00fcssen wir Bildung ganzheitlich denken. Wir brauchen ein Bildungssystem, [&hellip;]<\/p>\n","protected":false},"author":3,"featured_media":1373,"comment_status":"closed","ping_status":"closed","sticky":false,"template":"","format":"standard","meta":{"footnotes":""},"categories":[18,6],"tags":[],"class_list":["post-1519","post","type-post","status-publish","format-standard","has-post-thumbnail","hentry","category-events","category-news"],"_links":{"self":[{"href":"https:\/\/www.migration-macht-gesellschaft.de\/en\/wp-json\/wp\/v2\/posts\/1519","targetHints":{"allow":["GET"]}}],"collection":[{"href":"https:\/\/www.migration-macht-gesellschaft.de\/en\/wp-json\/wp\/v2\/posts"}],"about":[{"href":"https:\/\/www.migration-macht-gesellschaft.de\/en\/wp-json\/wp\/v2\/types\/post"}],"author":[{"embeddable":true,"href":"https:\/\/www.migration-macht-gesellschaft.de\/en\/wp-json\/wp\/v2\/users\/3"}],"replies":[{"embeddable":true,"href":"https:\/\/www.migration-macht-gesellschaft.de\/en\/wp-json\/wp\/v2\/comments?post=1519"}],"version-history":[{"count":3,"href":"https:\/\/www.migration-macht-gesellschaft.de\/en\/wp-json\/wp\/v2\/posts\/1519\/revisions"}],"predecessor-version":[{"id":1569,"href":"https:\/\/www.migration-macht-gesellschaft.de\/en\/wp-json\/wp\/v2\/posts\/1519\/revisions\/1569"}],"wp:featuredmedia":[{"embeddable":true,"href":"https:\/\/www.migration-macht-gesellschaft.de\/en\/wp-json\/wp\/v2\/media\/1373"}],"wp:attachment":[{"href":"https:\/\/www.migration-macht-gesellschaft.de\/en\/wp-json\/wp\/v2\/media?parent=1519"}],"wp:term":[{"taxonomy":"category","embeddable":true,"href":"https:\/\/www.migration-macht-gesellschaft.de\/en\/wp-json\/wp\/v2\/categories?post=1519"},{"taxonomy":"post_tag","embeddable":true,"href":"https:\/\/www.migration-macht-gesellschaft.de\/en\/wp-json\/wp\/v2\/tags?post=1519"}],"curies":[{"name":"wp","href":"https:\/\/api.w.org\/{rel}","templated":true}]}}