{"id":5883,"date":"2023-10-06T09:35:48","date_gmt":"2023-10-06T07:35:48","guid":{"rendered":"https:\/\/www.migration-macht-gesellschaft.de\/?p=5883"},"modified":"2023-10-19T18:17:05","modified_gmt":"2023-10-19T16:17:05","slug":"der-glanz-der-unsichtbaren-film-gespraech-aus-der-filmreihe-aus-der-fremde-in-die-fremde","status":"publish","type":"post","link":"https:\/\/www.migration-macht-gesellschaft.de\/en\/der-glanz-der-unsichtbaren-film-gespraech-aus-der-filmreihe-aus-der-fremde-in-die-fremde\/","title":{"rendered":"\u201eDer Glanz der Unsichtbaren\u201c \u2013 Film + Gespr\u00e4ch aus der Filmreihe \u201cAus der Fremde in die Fremde?!\u201d"},"content":{"rendered":"<h1>\u201eDer Glanz der Unsichtbaren\u201c \u2013 Film + Gespr\u00e4ch aus der Filmreihe \u201cAus der Fremde in die Fremde?!\u201d<\/h1>\n<p><em><strong>Filmvorf\u00fchrung und Gespr\u00e4ch &#8211; Eintritt frei<br \/>\n<\/strong><\/em><\/p>\n<p>Lady Di, Edith Piaf, Salma Hayek, Brigitte Macron: Die meisten der Besucherinnen des Tageszentrums f\u00fcr wohnungslose Frauen L\u2019Envol nennen sich nach prominenten Vorbildern. Doch das L\u2019Envol, einziger Ankerpunkt ihres prek\u00e4ren Alltags, steht vor der Schlie\u00dfung \u2013 nicht effektiv genug, hat die Stadtverwaltung beschieden. Drei Monate bleiben den Sozialarbeiterinnen Manu, Audrey, H\u00e9l\u00e8ne und Ang\u00e9lique, um ihren Sch\u00fctzlingen wieder auf die Beine zu helfen. Und die ziehen kr\u00e4ftig mit. Nachdem die Stadt auch noch ein Zeltcamp am Sportplatz r\u00e4umen l\u00e4sst, wird<br \/>\ndas L\u2019Envol zur heimlichen Unterkunft, in der Betreuerinnen und Betreute mit ungeahntem Schwung ganz eigene Wege und Methoden zur Reintegration entwickeln. Tricks, Schwindeleien, alte und neue Freunde: Von jetzt an sind alle Mittel erlaubt \u2026<\/p>\n<p>Pressestimmen:<\/p>\n<p>Eine kraftvolle, ermutigende Sozialkom\u00f6die, eine mitrei\u00dfende Geschichte von Solidarit\u00e4t und erwachendem Selbstbewusstsein \u2026 Alles stimmt hier. Das Ensemble der vier unwiderstehlichen Widerstandsk\u00e4mpferinnen, Audrey Lamy und Corinne Masiero als Sozialarbeiterinnen, die alles riskieren, D\u00e9borah Lukumuena als schnoddriger Wirbelsturm und No\u00e9mie Lvovsky als \u201eDesperate Housewife\u201c, der gerade ihre Ehe um die Ohren fliegt \u2026 und an ihrer Seite entdecken wir \u201eDalida\u201c, \u201eEdith Piaf\u201c und ein Dutzend anderer Frauen, die das Leben auf der Stra\u00dfe kennen und hier ihre erste Rolle spielen. Louis-Julien Petit hat das Aufbl\u00fchen dieser Frauen mit Humor inszeniert und mit Herz gefi lmt, in stimmiger Balance zwischen Feel-Good-Movie und engagiertem Kino.<\/p>\n<p style=\"text-align: right;\">T\u00c9L\u00c9RAMA<\/p>\n<p>Mit unendlicher Z\u00e4rtlichkeit, mit teilweise improvisierten Dialogen voller Wahrheit und einer perfekt ausbalancierten Tonalit\u00e4t zwischen Sozialkom\u00f6die und dokumentarischem Ansatz, erz\u00e4hlt dieser helle, leuchtende Film vor allem von W\u00fcrde: Von der W\u00fcrde dieser Frauen, die die Gesellschaft vergessen hat, ihren Sehns\u00fcchten und Tr\u00e4umen, und von der W\u00fcrde derjenigen, die ihnen<br \/>\nhelfen, wieder zu Atem zu kommen.<\/p>\n<p style=\"text-align: right;\">FOTOGRAMA<\/p>\n<p><strong>Trailer zum Film:<\/strong> <a href=\"https:\/\/youtu.be\/4hgYfiVKu6I?feature=shared\">https:\/\/youtu.be\/4hgYfiVKu6I?feature=shared<\/a><\/p>\n<p>&nbsp;<\/p>\n<p><em><strong>Im Anschluss Gespr\u00e4ch mit:<\/strong><\/em><\/p>\n<p><strong>Birgit Zimmermann: <\/strong>Einrichtungsleiterin beim Evangelischer Beratungsdienst f\u00fcr Frauen<\/p>\n<p><strong>Amelie v. Nippold: <\/strong>Sozialp\u00e4dagogin B.A. Frauenobdach KARLA 51<\/p>\n<p>Moderation:\u00a0 <strong>Aylin Romey<\/strong> (REGSAM)<\/p>\n<p><strong><em>\u00a0<\/em><\/strong><\/p>\n<p><strong>Wo:<\/strong> Eine Welt Haus, Saal, Schwanthalerstr. 80, 80336 M\u00fcnchen<\/p>\n<p><strong>Wann:<\/strong> 17.10.2023 um 19.00 Uhr<\/p>\n<p><strong>Wir freuen uns \u00fcber Eure Anmeldung:<\/strong> info@migration-macht-gesellschaft.de<\/p>\n<p><strong>Veranstalter:<\/strong> Migration macht Gesellschaft e.V. \/ REGSAM \/ JIZ M\u00fcnchen \/ KJR M\u00fcnchen-Stadt M\u00fcnchen \/ M\u00fcnchner Fl\u00fcchtlingsrat \/ InitiativGrupppe e.V. Migrationsberatung<\/p>\n","protected":false},"excerpt":{"rendered":"<p>\u201eDer Glanz der Unsichtbaren\u201c \u2013 Film + Gespr\u00e4ch aus der Filmreihe \u201cAus der Fremde in die Fremde?!\u201d Filmvorf\u00fchrung und Gespr\u00e4ch &#8211; Eintritt frei Lady Di, Edith Piaf, Salma Hayek, Brigitte Macron: Die meisten der Besucherinnen des Tageszentrums f\u00fcr wohnungslose Frauen L\u2019Envol nennen sich nach prominenten Vorbildern. Doch das L\u2019Envol, einziger Ankerpunkt ihres prek\u00e4ren Alltags, steht [&hellip;]<\/p>\n","protected":false},"author":3,"featured_media":5878,"comment_status":"closed","ping_status":"closed","sticky":false,"template":"","format":"standard","meta":{"footnotes":""},"categories":[18,6],"tags":[],"class_list":["post-5883","post","type-post","status-publish","format-standard","has-post-thumbnail","hentry","category-events","category-news"],"_links":{"self":[{"href":"https:\/\/www.migration-macht-gesellschaft.de\/en\/wp-json\/wp\/v2\/posts\/5883","targetHints":{"allow":["GET"]}}],"collection":[{"href":"https:\/\/www.migration-macht-gesellschaft.de\/en\/wp-json\/wp\/v2\/posts"}],"about":[{"href":"https:\/\/www.migration-macht-gesellschaft.de\/en\/wp-json\/wp\/v2\/types\/post"}],"author":[{"embeddable":true,"href":"https:\/\/www.migration-macht-gesellschaft.de\/en\/wp-json\/wp\/v2\/users\/3"}],"replies":[{"embeddable":true,"href":"https:\/\/www.migration-macht-gesellschaft.de\/en\/wp-json\/wp\/v2\/comments?post=5883"}],"version-history":[{"count":7,"href":"https:\/\/www.migration-macht-gesellschaft.de\/en\/wp-json\/wp\/v2\/posts\/5883\/revisions"}],"predecessor-version":[{"id":6284,"href":"https:\/\/www.migration-macht-gesellschaft.de\/en\/wp-json\/wp\/v2\/posts\/5883\/revisions\/6284"}],"wp:featuredmedia":[{"embeddable":true,"href":"https:\/\/www.migration-macht-gesellschaft.de\/en\/wp-json\/wp\/v2\/media\/5878"}],"wp:attachment":[{"href":"https:\/\/www.migration-macht-gesellschaft.de\/en\/wp-json\/wp\/v2\/media?parent=5883"}],"wp:term":[{"taxonomy":"category","embeddable":true,"href":"https:\/\/www.migration-macht-gesellschaft.de\/en\/wp-json\/wp\/v2\/categories?post=5883"},{"taxonomy":"post_tag","embeddable":true,"href":"https:\/\/www.migration-macht-gesellschaft.de\/en\/wp-json\/wp\/v2\/tags?post=5883"}],"curies":[{"name":"wp","href":"https:\/\/api.w.org\/{rel}","templated":true}]}}