{"id":8329,"date":"2024-05-20T18:54:43","date_gmt":"2024-05-20T16:54:43","guid":{"rendered":"https:\/\/www.migration-macht-gesellschaft.de\/?p=8329"},"modified":"2024-05-23T12:56:46","modified_gmt":"2024-05-23T10:56:46","slug":"vielfalt-feiern-kulturfestival-anlaesslich-des-weltfluechtlingstags-am-21-06-in-muenchen","status":"publish","type":"post","link":"https:\/\/www.migration-macht-gesellschaft.de\/en\/vielfalt-feiern-kulturfestival-anlaesslich-des-weltfluechtlingstags-am-21-06-in-muenchen\/","title":{"rendered":"\u201cVielfalt feiern!\u201d Kulturfestival anl\u00e4sslich des Weltfl\u00fcchtlingstags am 21.06. in M\u00fcnchen"},"content":{"rendered":"<h1>\u201cVielfalt feiern!\u201d Kulturfestival anl\u00e4sslich des Weltfl\u00fcchtlingstags am 21.06. in M\u00fcnchen<\/h1>\n<p>Anl\u00e4sslich des Weltfl\u00fcchtlingstages am 20. Juni 2024 l\u00e4dt ein breites B\u00fcndnis M\u00fcnchner Organisationen herzlich zum Kulturfestival <em><strong>&#8220;Vielfalt feiern!&#8221;<\/strong><\/em> ein. Die Veranstaltung findet am <em><strong>21. Juni 2024 von 16:00 bis 22:00 Uhr<\/strong><\/em> in der <em><strong>IG Feuerwache in der Ganghoferstra\u00dfe 41<\/strong><\/em> statt.<\/p>\n<p>Die IG-Feuerwache, eine Einrichtung der InitiativGruppe e.V., die sich aktiv f\u00fcr die Chancengleichheit aller Kinder und jungen Menschen in allen Lebensbereichen einsetzt, wird Gastgeber dieses besonderen Festivals sein. Die IG-Feuerwache leistet einen wichtigen Beitrag zur gesellschaftlichen und politischen Gleichberechtigung von jungen Menschen und ist eine etablierte Institution in der M\u00fcnchner Gemeinschaft.<\/p>\n<p>Mit dem Motto \u201eVielfalt feiern!&#8221; wird die vielf\u00e4ltige M\u00fcnchner Migrationsgesellschaft sichtbar gemacht und Raum f\u00fcr Begegnungen zwischen Menschen mit und ohne Flucht- und Migrationserfahrung geschaffen. Damit setzen wir ein klares Signal f\u00fcr ein positives Miteinander in unserer Stadt!<\/p>\n<p>Das Festival wird von K\u00fcnstler*innen und Workshopleiter*innen gestaltet, von denen der Gro\u00dfteil Flucht- und\/oder Migrationserfahrung hat. Das Programm bietet Musik, Tanz, Workshops und vieles mehr f\u00fcr unterschiedliche Interessen und Altersgruppen.<\/p>\n<p>&#8220;Vielfalt feiern!&#8221; ist mehr als nur ein Festival &#8211; es ist eine Einladung zur Begegnung, zur Offenheit und zum gemeinsamen Feiern der kulturellen Vielfalt unserer Stadt. Alle M\u00fcnchner*innen, egal welcher Herkunft, Religion, sexuellen Orientierung oder Geschlechtsidentit\u00e4t, sind herzlich willkommen, um gemeinsam ein positives Zeichen f\u00fcr ein buntes und solidarisches Miteinander zu setzen.<\/p>\n<p>Wir freuen uns auf Ihr Kommen und gemeinsame Stunden voller Kultur und Begegnung!<\/p>\n<p>Herzliche Gr\u00fc\u00dfe,<\/p>\n<p>Das Veranstaltungsteam<\/p>\n<p>&nbsp;<\/p>\n<p><b><i>Programmpunkte:<\/i><\/b><\/p>\n<p><b><i>B\u00fchnenprogramm<\/i><\/b><\/p>\n<p><i>DJ Omar &#8211; Caf\u00e9 Taksim &#8211; DJ Ropa &#8211; Farhang &#8211; BaShBozouki &#8211; Nicky Trice &#8211; Kokonelle &#8211; G\u00fcndalein &#8211; Queen Lizzy<\/i><\/p>\n<p><b><i>Kultur- und Kunstworkshops:\u00a0<\/i><\/b><\/p>\n<p><i>M10City \u2013 Capoeira &#8211; Biologisch abbaubare Glitzertattoos \u2013 Graffiti \u2013 Tischtennisturnier &#8211; Basketball &#8211; Zirkusworkshop\u00a0<\/i><\/p>\n<p><strong>Veranstalter*innen:<\/strong><\/p>\n<p>IG Feuerwache &#8211; InitiativGruppe e.V., Bellevue di Monaco, Fachstelle Volunteering\/ Ehrenamt der Diakone M\u00fcnchen und Oberbayern, M\u00fcnchner Fl\u00fcchtlingsrat, Campus di Monaco, Lighthouse mobil, KJR M\u00fcnchen-Stadt, Lichterkette e.V., Migration macht Gesellschaft e.V., MIKADO \u2013 InitiativGruppe e.V., SCHLAU Tr\u00e4gerkreis Junge Fl\u00fcchtlinge, MORGEN e.V., Willkommen in M\u00fcnchen, Glockenbachwerkstatt e.V.<\/p>\n<p>&nbsp;<\/p>\n<p><strong>Unterst\u00fctzer*innen:\u00a0<\/strong><\/p>\n<p>Landeshauptstadt M\u00fcnchen Kulturreferat, Landeshauptstadt M\u00fcnchen Sozialreferat, Caritas Institut f\u00fcr Bildung und Entwicklung, Erzdi\u00f6zese M\u00fcnchen und Freising Flucht Asyl Migration Integration,\u00a0 Nord-S\u00fcd-Forum, SchlaU-Werkstatt f\u00fcr Migrationsp\u00e4dagogik gGmbH, Dritte Welt Zentrum, SchlaU Werkstatt, BA8 Schwanthalerh\u00f6he<\/p>\n<p>&nbsp;<\/p>\n<p><strong><i>Hintergrund:<\/i><\/strong><\/p>\n<p><i>Der Weltfl\u00fcchtlingstag wurde von den Vereinten Nationen eingerichtet und wird seit 2001 jedes Jahr am 20. Juni begangen. Das Fl\u00fcchtlingshochkommissariat der Vereinten Nationen (UNHCR) ver\u00f6ffentlicht zu diesem Tag seinen Jahresbericht.<\/i><\/p>\n<p><i>Ende 2023 waren \u00fcber 110 Millionen Menschen weltweit auf der Flucht. 62,2 Millionen Menschen sind Binnenvertriebene, Menschen, die innerhalb ihres Landes auf der Flucht sind.\u00a0 36,4 Millionen dieser Menschen sind Fl\u00fcchtlinge, die vor Konflikten, Verfolgung oder schweren Menschenrechtsverletzungen aus ihrer Heimat flohen. Darunter fallen 30,5 Millionen Fl\u00fcchtlinge unter das Mandat von UNHCR. 6,1 Millionen Menschen unter den 110 Millionen sind Asylsuchende.<\/i><\/p>\n<p><i>Mehr unter: <\/i><a href=\"https:\/\/www.unhcr.org\/dach\/de\">UNHCR Deutschland &#8211; Das UN-Fl\u00fcchtlingskommissariat UNHCR<\/a><\/p>\n<p>&nbsp;<\/p>\n","protected":false},"excerpt":{"rendered":"<p>\u201cVielfalt feiern!\u201d Kulturfestival anl\u00e4sslich des Weltfl\u00fcchtlingstags am 21.06. in M\u00fcnchen Anl\u00e4sslich des Weltfl\u00fcchtlingstages am 20. Juni 2024 l\u00e4dt ein breites B\u00fcndnis M\u00fcnchner Organisationen herzlich zum Kulturfestival &#8220;Vielfalt feiern!&#8221; ein. Die Veranstaltung findet am 21. Juni 2024 von 16:00 bis 22:00 Uhr in der IG Feuerwache in der Ganghoferstra\u00dfe 41 statt. Die IG-Feuerwache, eine Einrichtung der [&hellip;]<\/p>\n","protected":false},"author":3,"featured_media":8319,"comment_status":"closed","ping_status":"closed","sticky":false,"template":"","format":"standard","meta":{"footnotes":""},"categories":[18,6],"tags":[],"class_list":["post-8329","post","type-post","status-publish","format-standard","has-post-thumbnail","hentry","category-events","category-news"],"_links":{"self":[{"href":"https:\/\/www.migration-macht-gesellschaft.de\/en\/wp-json\/wp\/v2\/posts\/8329","targetHints":{"allow":["GET"]}}],"collection":[{"href":"https:\/\/www.migration-macht-gesellschaft.de\/en\/wp-json\/wp\/v2\/posts"}],"about":[{"href":"https:\/\/www.migration-macht-gesellschaft.de\/en\/wp-json\/wp\/v2\/types\/post"}],"author":[{"embeddable":true,"href":"https:\/\/www.migration-macht-gesellschaft.de\/en\/wp-json\/wp\/v2\/users\/3"}],"replies":[{"embeddable":true,"href":"https:\/\/www.migration-macht-gesellschaft.de\/en\/wp-json\/wp\/v2\/comments?post=8329"}],"version-history":[{"count":3,"href":"https:\/\/www.migration-macht-gesellschaft.de\/en\/wp-json\/wp\/v2\/posts\/8329\/revisions"}],"predecessor-version":[{"id":8345,"href":"https:\/\/www.migration-macht-gesellschaft.de\/en\/wp-json\/wp\/v2\/posts\/8329\/revisions\/8345"}],"wp:featuredmedia":[{"embeddable":true,"href":"https:\/\/www.migration-macht-gesellschaft.de\/en\/wp-json\/wp\/v2\/media\/8319"}],"wp:attachment":[{"href":"https:\/\/www.migration-macht-gesellschaft.de\/en\/wp-json\/wp\/v2\/media?parent=8329"}],"wp:term":[{"taxonomy":"category","embeddable":true,"href":"https:\/\/www.migration-macht-gesellschaft.de\/en\/wp-json\/wp\/v2\/categories?post=8329"},{"taxonomy":"post_tag","embeddable":true,"href":"https:\/\/www.migration-macht-gesellschaft.de\/en\/wp-json\/wp\/v2\/tags?post=8329"}],"curies":[{"name":"wp","href":"https:\/\/api.w.org\/{rel}","templated":true}]}}