{"id":11324,"date":"2025-10-04T10:19:43","date_gmt":"2025-10-04T08:19:43","guid":{"rendered":"https:\/\/www.migration-macht-gesellschaft.de\/benefizkonzert-am-samstag-8-november-2025\/"},"modified":"2025-11-12T14:45:16","modified_gmt":"2025-11-12T13:45:16","slug":"benefizkonzert-am-samstag-8-november-2025","status":"publish","type":"post","link":"https:\/\/www.migration-macht-gesellschaft.de\/es\/benefizkonzert-am-samstag-8-november-2025\/","title":{"rendered":"Benefizkonzert am Samstag, 8. November 2025"},"content":{"rendered":"<p><strong>Liebe Freundinnen und Freunde,<\/strong><strong><br \/>\n<\/strong><strong>liebe Unterst\u00fctzer:innen,<\/strong><\/p>\n<p>unser Verein <strong>Migration Macht Gesellschaft e.V.<\/strong>\u00a0 setzt sich in M\u00fcnchen f\u00fcr eine <strong>offene, solidarische und gerechte Gesellschaft<\/strong> ein.<br \/>\nViele von Euch kennen uns von unseren Veranstaltungen: <strong>Filmvorf\u00fchrungen, Lesungen oder kulturellen Abenden<\/strong>, die wir mit viel Herzblut organisieren.<\/p>\n<p>Neben diesen Projekten <strong>begleiten wir Menschen mit Flucht- und Migrationsgeschichte<\/strong> durch <strong>kostenlose Rechtsberatung<\/strong>, geben <strong>Raum f\u00fcr migrantische Stimmen<\/strong>,<br \/>\ntreten <strong>gegen Rassismus ein<\/strong> und schaffen <strong>Begegnungsorte f\u00fcr kulturelle Teilhabe<\/strong>.<\/p>\n<p><strong>\ud83d\udcac<\/strong><strong> Warum wir Eure Unterst\u00fctzung brauchen<\/strong><\/p>\n<p>Unsere Arbeit lebt von Engagement, Solidarit\u00e4t und Zusammenhalt.<br \/>\nDurch K\u00fcrzungen \u00f6ffentlicher Mittel stehen wir in diesem Jahr jedoch vor neuen Herausforderungen, die unsere Vereinsarbeit stark fordern.<br \/>\nDamit wir auch in Zukunft Menschen begleiten und kulturelle Teilhabe erm\u00f6glichen k\u00f6nnen, m\u00f6chten wir gemeinsam mit Euch ein Zeichen setzen, mit Musik und Begegnung.<\/p>\n<p><strong>\ud83c\udfb6<\/strong><strong> Benefizkonzert am Samstag, 8. November 2025<\/strong><\/p>\n<p><strong>Ort:<\/strong> IG-Feuerwache, Ganghoferstr. 41, M\u00fcnchen<br \/>\n<strong>Einlass:<\/strong> 19:30 Uhr\u2003|\u2003<strong>Beginn:<\/strong> 20:00 Uhr<\/p>\n<p><strong>Mit dabei:<\/strong><br \/>\n\ud83c\udfa4 Buracoustics\u2003|\u2003\ud83c\udfb8 Relativ Rapid\u2003|\u2003\ud83c\udfb6 Ulani<\/p>\n<p>Der gesamte Erl\u00f6s des Abends kommt der Arbeit unseres Vereins zugute.<\/p>\n<p>Euer Beitrag \u2013 ob <strong>durch Euer Kommen<\/strong>, <strong>eine Spende<\/strong> oder <strong>das Teilen unserer Einladung<\/strong> \u2013<br \/>\nhilft uns, <strong>gemeinsam ein Zeichen f\u00fcr Vielfalt und Miteinander<\/strong> zu setzen.<\/p>\n<p><strong>\ud83d\udc9b<\/strong><strong> Jetzt unterst\u00fctzen<\/strong><\/p>\n<p>Wenn Ihr am 8. November nicht dabei sein k\u00f6nnt, k\u00f6nnt Ihr uns auch \u00fcber <strong>Betterplace<\/strong> unterst\u00fctzen:<\/p>\n<p>Link \ud83d\udc49:\u00a0 <a title=\"Jetzt spenden f\u00fcr \u201eRechtshilfe &amp; kulturelle u. soziale Teilhabe sichern\u201c auf betterplace.org!\" href=\"https:\/\/www.betterplace.org\/de\/projects\/163415-rechtshilfe-kulturelle-u-soziale-teilhabe-sichern?utm_campaign=donate_btn&amp;utm_content=project%23163415&amp;utm_medium=external_banner&amp;utm_source=projects\" target=\"_blank\" rel=\"noopener\"><img loading=\"lazy\" decoding=\"async\" style=\"border: 0px;\" src=\"https:\/\/betterplace-assets.betterplace.org\/static-images\/projects\/donation-button-de.png\" alt=\"Jetzt Spenden! Das Spendenformular wird von betterplace.org bereit gestellt.\" width=\"160\" height=\"100\" \/><\/a><\/p>\n<p>&nbsp;<\/p>\n<p><strong>Danke, dass Ihr an unserer Seite steht!<\/strong><br \/>\nEuer Team von<br \/>\n<strong>Migration Macht Gesellschaft e.V.<\/strong><\/p>\n","protected":false},"excerpt":{"rendered":"<p>Liebe Freundinnen und Freunde, liebe Unterst\u00fctzer:innen, unser Verein Migration Macht Gesellschaft e.V.\u00a0 setzt sich in M\u00fcnchen f\u00fcr eine offene, solidarische und gerechte Gesellschaft ein. Viele von Euch kennen uns von unseren Veranstaltungen: Filmvorf\u00fchrungen, Lesungen oder kulturellen Abenden, die wir mit viel Herzblut organisieren. Neben diesen Projekten begleiten wir Menschen mit Flucht- und Migrationsgeschichte durch kostenlose [&hellip;]<\/p>\n","protected":false},"author":3,"featured_media":11319,"comment_status":"closed","ping_status":"closed","sticky":false,"template":"","format":"standard","meta":{"footnotes":""},"categories":[8,22],"tags":[],"class_list":["post-11324","post","type-post","status-publish","format-standard","has-post-thumbnail","hentry","category-sin-categorizar","category-veranstaltungen-es"],"_links":{"self":[{"href":"https:\/\/www.migration-macht-gesellschaft.de\/es\/wp-json\/wp\/v2\/posts\/11324","targetHints":{"allow":["GET"]}}],"collection":[{"href":"https:\/\/www.migration-macht-gesellschaft.de\/es\/wp-json\/wp\/v2\/posts"}],"about":[{"href":"https:\/\/www.migration-macht-gesellschaft.de\/es\/wp-json\/wp\/v2\/types\/post"}],"author":[{"embeddable":true,"href":"https:\/\/www.migration-macht-gesellschaft.de\/es\/wp-json\/wp\/v2\/users\/3"}],"replies":[{"embeddable":true,"href":"https:\/\/www.migration-macht-gesellschaft.de\/es\/wp-json\/wp\/v2\/comments?post=11324"}],"version-history":[{"count":4,"href":"https:\/\/www.migration-macht-gesellschaft.de\/es\/wp-json\/wp\/v2\/posts\/11324\/revisions"}],"predecessor-version":[{"id":11376,"href":"https:\/\/www.migration-macht-gesellschaft.de\/es\/wp-json\/wp\/v2\/posts\/11324\/revisions\/11376"}],"wp:featuredmedia":[{"embeddable":true,"href":"https:\/\/www.migration-macht-gesellschaft.de\/es\/wp-json\/wp\/v2\/media\/11319"}],"wp:attachment":[{"href":"https:\/\/www.migration-macht-gesellschaft.de\/es\/wp-json\/wp\/v2\/media?parent=11324"}],"wp:term":[{"taxonomy":"category","embeddable":true,"href":"https:\/\/www.migration-macht-gesellschaft.de\/es\/wp-json\/wp\/v2\/categories?post=11324"},{"taxonomy":"post_tag","embeddable":true,"href":"https:\/\/www.migration-macht-gesellschaft.de\/es\/wp-json\/wp\/v2\/tags?post=11324"}],"curies":[{"name":"wp","href":"https:\/\/api.w.org\/{rel}","templated":true}]}}