{"id":11389,"date":"2025-10-05T14:06:23","date_gmt":"2025-10-05T12:06:23","guid":{"rendered":"https:\/\/www.migration-macht-gesellschaft.de\/harraga-film-gespraech-aus-der-filmreihe-aus-der-fremde-in-die-fremde\/"},"modified":"2025-10-17T14:08:30","modified_gmt":"2025-10-17T12:08:30","slug":"harraga-film-gespraech-aus-der-filmreihe-aus-der-fremde-in-die-fremde","status":"publish","type":"post","link":"https:\/\/www.migration-macht-gesellschaft.de\/es\/harraga-film-gespraech-aus-der-filmreihe-aus-der-fremde-in-die-fremde\/","title":{"rendered":"\u201eHARRAGA\u201c \u2013 Film + Gespr\u00e4ch aus der Filmreihe \u201cAus der Fremde in die Fremde?!\u201d"},"content":{"rendered":"<h1>\u201eHarraga\u201c \u2013 Film + Gespr\u00e4ch aus der Filmreihe \u201cAus der Fremde in die Fremde?!\u201d<\/h1>\n<p>Die Filmreihe \u201eAus der Fremde in die Fremde?!\u201c zeigt am 02. Dezember um 20:00 Uhr den Film \u201eHARRAGA- Those Who Burn Their Lives\u201c<\/p>\n<p>Wo?: Im Neuen Rottmann, Rottmannstra\u00dfe 15, 80333 M\u00fcnchen<br \/>\nEinlass: 19:30 Uhr, Beginn: 20:00 Uhr \u2013 first come, first served<\/p>\n<p>\ud83d\udcb5 Eintritt frei, Spende erw\u00fcnscht<\/p>\n<p>\u274e\ufe0f KURZBESCHREIBUNG: Die Jugendlichen Imad, Nourdine, Walid und Hamza leben in einer H\u00f6hle unter einem Leuchtturm in Melilla. Nacht f\u00fcr Nacht wagen sie sich in den Hafen, um heimlich auf Schiffe Richtung Spanien zu gelangen \u2013 immer auf der Suche nach Freiheit, immer in Gefahr.<br \/>\nRegisseur Benjamin Rost begleitet sie \u00fcber f\u00fcnf Jahre hinweg und macht sichtbar, was oft im Verborgenen bleibt: die Lebensrealit\u00e4t junger Menschen, die alles riskieren.<\/p>\n<p><em>\u201eHarraga\u201c<\/em> thematisiert das Brennen von Ausweisdokumenten als Akt, in dem Identit\u00e4t, Grenzen und W\u00fcrde auf dem Spiel stehen. Der Film zeigt nicht nur die extremen Bedingungen des Fluchtwegs, sondern auch das Ringen um Hoffnung, Solidarit\u00e4t und das Recht auf Leben.<\/p>\n<p>\ud83c\udfac Trailer zum Film: <a href=\"https:\/\/www.youtube.com\/watch?v=dswOOsgNtpI\"><strong>https:\/\/www.youtube.com\/watch?v=dswOOsgNtpI<\/strong><\/a><\/p>\n<p>\ud83d\udde3 Im Anschluss Gespr\u00e4ch mit: Benjamin Rost (Filmregisseur)<br \/>\nModeration: Aylin Romey (REGSAM)<br \/>\n<strong><br \/>\n<\/strong><\/p>\n<p><strong>Veranstalter:<\/strong>\u00a0Migration macht Gesellschaft e.V. \/ REGSAM \/ JIZ M\u00fcnchen \/ KJR M\u00fcnchen-Stadt M\u00fcnchen \/ InitiativGrupppe e.V. Migrationsberatung<\/p>\n<p>\ud83c\udfa4 Wir freuen uns auf Dich!!!<\/p>\n<p>&nbsp;<\/p>\n<p>Es gilt folgender Einlassvorbehalt:<\/p>\n<p><em><strong>Personen, die rechtsextremen Parteien oder Organisationen angeh\u00f6ren, der rechtsextremen Szene zuzuordnen sind oder bereits in der Vergangenheit durch antisemitische, nationalistische, rassistische oder sonstige menschenverachtende \u00c4u\u00dferungen in Erscheinung getreten sind, sind von der Veranstaltung ausgeschlossen.<\/strong><\/em><\/p>\n","protected":false},"excerpt":{"rendered":"<p>\u201eHarraga\u201c \u2013 Film + Gespr\u00e4ch aus der Filmreihe \u201cAus der Fremde in die Fremde?!\u201d Die Filmreihe \u201eAus der Fremde in die Fremde?!\u201c zeigt am 02. Dezember um 20:00 Uhr den Film \u201eHARRAGA- Those Who Burn Their Lives\u201c Wo?: Im Neuen Rottmann, Rottmannstra\u00dfe 15, 80333 M\u00fcnchen Einlass: 19:30 Uhr, Beginn: 20:00 Uhr \u2013 first come, first [&hellip;]<\/p>\n","protected":false},"author":3,"featured_media":11383,"comment_status":"closed","ping_status":"closed","sticky":false,"template":"","format":"standard","meta":{"footnotes":""},"categories":[8,22],"tags":[127],"class_list":["post-11389","post","type-post","status-publish","format-standard","has-post-thumbnail","hentry","category-sin-categorizar","category-veranstaltungen-es","tag-benjaminrost-neuesrottmann-filmvorstellung-gespraech-migrationmachtgesellschaft-ausderfremdeindiefremde-es"],"_links":{"self":[{"href":"https:\/\/www.migration-macht-gesellschaft.de\/es\/wp-json\/wp\/v2\/posts\/11389","targetHints":{"allow":["GET"]}}],"collection":[{"href":"https:\/\/www.migration-macht-gesellschaft.de\/es\/wp-json\/wp\/v2\/posts"}],"about":[{"href":"https:\/\/www.migration-macht-gesellschaft.de\/es\/wp-json\/wp\/v2\/types\/post"}],"author":[{"embeddable":true,"href":"https:\/\/www.migration-macht-gesellschaft.de\/es\/wp-json\/wp\/v2\/users\/3"}],"replies":[{"embeddable":true,"href":"https:\/\/www.migration-macht-gesellschaft.de\/es\/wp-json\/wp\/v2\/comments?post=11389"}],"version-history":[{"count":1,"href":"https:\/\/www.migration-macht-gesellschaft.de\/es\/wp-json\/wp\/v2\/posts\/11389\/revisions"}],"predecessor-version":[{"id":11394,"href":"https:\/\/www.migration-macht-gesellschaft.de\/es\/wp-json\/wp\/v2\/posts\/11389\/revisions\/11394"}],"wp:featuredmedia":[{"embeddable":true,"href":"https:\/\/www.migration-macht-gesellschaft.de\/es\/wp-json\/wp\/v2\/media\/11383"}],"wp:attachment":[{"href":"https:\/\/www.migration-macht-gesellschaft.de\/es\/wp-json\/wp\/v2\/media?parent=11389"}],"wp:term":[{"taxonomy":"category","embeddable":true,"href":"https:\/\/www.migration-macht-gesellschaft.de\/es\/wp-json\/wp\/v2\/categories?post=11389"},{"taxonomy":"post_tag","embeddable":true,"href":"https:\/\/www.migration-macht-gesellschaft.de\/es\/wp-json\/wp\/v2\/tags?post=11389"}],"curies":[{"name":"wp","href":"https:\/\/api.w.org\/{rel}","templated":true}]}}