{"id":2019,"date":"2022-05-02T13:33:16","date_gmt":"2022-05-02T11:33:16","guid":{"rendered":"https:\/\/www.migration-macht-gesellschaft.de\/?p=2019"},"modified":"2024-03-18T09:57:27","modified_gmt":"2024-03-18T08:57:27","slug":"beratung-fuer-gefluechtete-in-ukrainisch-und-russisch-%d0%ba%d0%be%d0%bd%d1%81%d1%83%d0%bb%d1%8c%d1%82%d0%b0%d1%86%d0%b8%d0%b8-%d0%b4%d0%bb%d1%8f-%d0%b1%d0%b5%d0%b6%d0%b5%d0%bd%d1%86%d0%b5%d0%b2","status":"publish","type":"post","link":"https:\/\/www.migration-macht-gesellschaft.de\/es\/beratung-fuer-gefluechtete-in-ukrainisch-und-russisch-%d0%ba%d0%be%d0%bd%d1%81%d1%83%d0%bb%d1%8c%d1%82%d0%b0%d1%86%d0%b8%d0%b8-%d0%b4%d0%bb%d1%8f-%d0%b1%d0%b5%d0%b6%d0%b5%d0%bd%d1%86%d0%b5%d0%b2\/","title":{"rendered":"Beratung f\u00fcr Gefl\u00fcchtete in Ukrainisch und Russisch! \u041a\u043e\u043d\u0441\u0443\u043b\u044c\u0442\u0430\u0446\u0438\u0438 \u0434\u043b\u044f \u0431\u0435\u0436\u0435\u043d\u0446\u0435\u0432 \u043d\u0430 \u0443\u043a\u0440\u0430\u0438\u043d\u0441\u043a\u043e\u043c \u0438 \u0440\u0443\u0441\u0441\u043a\u043e\u043c \u044f\u0437\u044b\u043a\u0430\u0445! \u041a\u043e\u043d\u0441\u0443\u043b\u044c\u0442\u0430\u0446\u0456\u0457 \u0434\u043b\u044f \u0431\u0456\u0436\u0435\u043d\u0446\u0456\u0432 \u0443\u043a\u0440\u0430\u0457\u043d\u0441\u044c\u043a\u043e\u044e \u0442\u0430 \u0440\u043e\u0441\u0456\u0439\u0441\u044c\u043a\u043e\u044e \u043c\u043e\u0432\u0430\u043c\u0438!"},"content":{"rendered":"<h1>Beratung f\u00fcr Gefl\u00fcchtete in Ukrainisch und Russisch!<\/h1>\n<h1>\u041a\u043e\u043d\u0441\u0443\u043b\u044c\u0442\u0430\u0446\u0456\u0457 \u0434\u043b\u044f \u0431\u0456\u0436\u0435\u043d\u0446\u0456\u0432 \u0443\u043a\u0440\u0430\u0457\u043d\u0441\u044c\u043a\u043e\u044e \u0442\u0430 \u0440\u043e\u0441\u0456\u0439\u0441\u044c\u043a\u043e\u044e \u043c\u043e\u0432\u0430\u043c\u0438!<\/h1>\n<h1>\u041a\u043e\u043d\u0441\u0443\u043b\u044c\u0442\u0430\u0446\u0438\u0438 \u0434\u043b\u044f \u0431\u0435\u0436\u0435\u043d\u0446\u0435\u0432 \u043d\u0430 \u0443\u043a\u0440\u0430\u0438\u043d\u0441\u043a\u043e\u043c \u0438 \u0440\u0443\u0441\u0441\u043a\u043e\u043c \u044f\u0437\u044b\u043a\u0430\u0445!<\/h1>\n<p>&nbsp;<\/p>\n<p>Sehr geehrte Damen und Herren,<\/p>\n<p>durch die gro\u00dfe Anzahl von Anfragen von Gefl\u00fcchteten aus der Ukraine haben wir uns dazu entschieden, eine Beratungsstelle zu gr\u00fcnden, bei der man sich genau mit solchen Fragestellungen befasst. Sie k\u00f6nnen ab jetzt Ihre Anfrage an\u00a0<a href=\"https:\/\/mailto:ukraine@migration-macht-gesellschaft.de\">ukraine@migration-macht-gesellschaft.de<\/a> senden. Die Beratung erfolgt in ukrainischer und russischer Sprachen.<\/p>\n<p><strong>\u0428\u0430\u043d\u043e\u0432\u043d\u0456 \u043f\u0430\u043d\u0456 \u0442\u0430 \u043f\u0430\u043d\u043e\u0432\u0435!<\/strong><br \/>\n\u0443 \u0437\u0432&#8217;\u044f\u0437\u043a\u0443 \u0437 \u0432\u0435\u043b\u0438\u043a\u043e\u044e \u043a\u0456\u043b\u044c\u043a\u0456\u0441\u0442\u044e \u0437\u0430\u043f\u0438\u0442\u0456\u0432 \u0432\u0456\u0434 \u0431\u0456\u0436\u0435\u043d\u0446\u0456\u0432 \u0437 \u0423\u043a\u0440\u0430\u0457\u043d\u0438 \u043c\u0438 \u0432\u0438\u0440\u0456\u0448\u0438\u043b\u0438 \u0441\u0442\u0432\u043e\u0440\u0438\u0442\u0438 \u043a\u043e\u043d\u0441\u0443\u043b\u044c\u0442\u0430\u0446\u0456\u0439\u043d\u0438\u0439 \u0446\u0435\u043d\u0442\u0440 \u0434\u043b\u044f \u0432\u0438\u0440\u0456\u0448\u0435\u043d\u043d\u044f \u0442\u0430\u043a\u0438\u0445 \u043f\u0438\u0442\u0430\u043d\u044c. \u0422\u0435\u043f\u0435\u0440 \u0432\u0438 \u043c\u043e\u0436\u0435\u0442\u0435 \u043d\u0430\u0434\u0456\u0441\u043b\u0430\u0442\u0438 \u0437\u0430\u043f\u0438\u0442 \u043d\u0430\u00a0<a href=\"https:\/\/mailto:ukraine@migration-macht-gesellschaft.de\">ukraine@migration-macht-gesellschaft.de<\/a>.<br \/>\n\u041a\u043e\u043d\u0441\u0443\u043b\u044c\u0442\u0430\u0446\u0456\u0457 \u043d\u0430\u0434\u0430\u044e\u0442\u044c\u0441\u044f \u0443\u043a\u0440\u0430\u0457\u043d\u0441\u044c\u043a\u043e\u044e \u0442\u0430 \u0440\u043e\u0441\u0456\u0439\u0441\u044c\u043a\u043e\u044e \u043c\u043e\u0432\u0430\u043c\u0438.<\/p>\n<p><strong>\u0423\u0432\u0430\u0436\u0430\u0435\u043c\u044b\u0435 \u0434\u0430\u043c\u044b \u0438 \u0433\u043e\u0441\u043f\u043e\u0434\u0430!<\/strong><br \/>\n\u0432 \u0441\u0432\u044f\u0437\u0438 \u0441 \u0431\u043e\u043b\u044c\u0448\u0438\u043c \u043a\u043e\u043b\u0438\u0447\u0435\u0441\u0442\u0432\u043e\u043c \u0437\u0430\u043f\u0440\u043e\u0441\u043e\u0432 \u043e\u0442 \u0431\u0435\u0436\u0435\u043d\u0446\u0435\u0432 \u0438\u0437 \u0423\u043a\u0440\u0430\u0438\u043d\u044b \u043c\u044b \u0440\u0435\u0448\u0438\u043b\u0438 \u0441\u043e\u0437\u0434\u0430\u0442\u044c \u043a\u043e\u043d\u0441\u0443\u043b\u044c\u0442\u0430\u0446\u0438\u043e\u043d\u043d\u044b\u0439 \u0446\u0435\u043d\u0442\u0440 \u0434\u043b\u044f \u0440\u0435\u0448\u0435\u043d\u0438\u044f \u0438\u043c\u0435\u043d\u043d\u043e \u0442\u0430\u043a\u0438\u0445 \u0432\u043e\u043f\u0440\u043e\u0441\u043e\u0432. \u0422\u0435\u043f\u0435\u0440\u044c \u0432\u044b \u043c\u043e\u0436\u0435\u0442\u0435 \u043e\u0442\u043f\u0440\u0430\u0432\u0438\u0442\u044c \u0441\u0432\u043e\u0439 \u0437\u0430\u043f\u0440\u043e\u0441 \u043d\u0430\u00a0<a href=\"https:\/\/mailto:ukraine@migration-macht-gesellschaft.de\">ukraine@migration-macht-gesellschaft.de<\/a>. \u041a\u043e\u043d\u0441\u0443\u043b\u044c\u0442\u0430\u0446\u0438\u0438 \u043f\u0440\u0435\u0434\u043e\u0441\u0442\u0430\u0432\u043b\u044f\u044e\u0442\u0441\u044f \u043d\u0430 \u0443\u043a\u0440\u0430\u0438\u043d\u0441\u043a\u043e\u043c \u0438 \u0440\u0443\u0441\u0441\u043a\u043e\u043c \u044f\u0437\u044b\u043a\u0430\u0445. \u041a<\/p>\n<p>Mit freundlichen Gr\u00fc\u00dfen<\/p>\n<p>Rechtshilfe M\u00fcnchen<\/p>\n","protected":false},"excerpt":{"rendered":"<p>Beratung f\u00fcr Gefl\u00fcchtete in Ukrainisch und Russisch! \u041a\u043e\u043d\u0441\u0443\u043b\u044c\u0442\u0430\u0446\u0456\u0457 \u0434\u043b\u044f \u0431\u0456\u0436\u0435\u043d\u0446\u0456\u0432 \u0443\u043a\u0440\u0430\u0457\u043d\u0441\u044c\u043a\u043e\u044e \u0442\u0430 \u0440\u043e\u0441\u0456\u0439\u0441\u044c\u043a\u043e\u044e \u043c\u043e\u0432\u0430\u043c\u0438! \u041a\u043e\u043d\u0441\u0443\u043b\u044c\u0442\u0430\u0446\u0438\u0438 \u0434\u043b\u044f \u0431\u0435\u0436\u0435\u043d\u0446\u0435\u0432 \u043d\u0430 \u0443\u043a\u0440\u0430\u0438\u043d\u0441\u043a\u043e\u043c \u0438 \u0440\u0443\u0441\u0441\u043a\u043e\u043c \u044f\u0437\u044b\u043a\u0430\u0445! &nbsp; Sehr geehrte Damen und Herren, durch die gro\u00dfe Anzahl von Anfragen von Gefl\u00fcchteten aus der Ukraine haben wir uns dazu entschieden, eine Beratungsstelle zu gr\u00fcnden, bei der man sich genau mit solchen [&hellip;]<\/p>\n","protected":false},"author":3,"featured_media":1940,"comment_status":"closed","ping_status":"closed","sticky":false,"template":"","format":"standard","meta":{"footnotes":""},"categories":[8,22],"tags":[],"class_list":["post-2019","post","type-post","status-publish","format-standard","has-post-thumbnail","hentry","category-sin-categorizar","category-veranstaltungen-es"],"_links":{"self":[{"href":"https:\/\/www.migration-macht-gesellschaft.de\/es\/wp-json\/wp\/v2\/posts\/2019","targetHints":{"allow":["GET"]}}],"collection":[{"href":"https:\/\/www.migration-macht-gesellschaft.de\/es\/wp-json\/wp\/v2\/posts"}],"about":[{"href":"https:\/\/www.migration-macht-gesellschaft.de\/es\/wp-json\/wp\/v2\/types\/post"}],"author":[{"embeddable":true,"href":"https:\/\/www.migration-macht-gesellschaft.de\/es\/wp-json\/wp\/v2\/users\/3"}],"replies":[{"embeddable":true,"href":"https:\/\/www.migration-macht-gesellschaft.de\/es\/wp-json\/wp\/v2\/comments?post=2019"}],"version-history":[{"count":4,"href":"https:\/\/www.migration-macht-gesellschaft.de\/es\/wp-json\/wp\/v2\/posts\/2019\/revisions"}],"predecessor-version":[{"id":2022,"href":"https:\/\/www.migration-macht-gesellschaft.de\/es\/wp-json\/wp\/v2\/posts\/2019\/revisions\/2022"}],"wp:featuredmedia":[{"embeddable":true,"href":"https:\/\/www.migration-macht-gesellschaft.de\/es\/wp-json\/wp\/v2\/media\/1940"}],"wp:attachment":[{"href":"https:\/\/www.migration-macht-gesellschaft.de\/es\/wp-json\/wp\/v2\/media?parent=2019"}],"wp:term":[{"taxonomy":"category","embeddable":true,"href":"https:\/\/www.migration-macht-gesellschaft.de\/es\/wp-json\/wp\/v2\/categories?post=2019"},{"taxonomy":"post_tag","embeddable":true,"href":"https:\/\/www.migration-macht-gesellschaft.de\/es\/wp-json\/wp\/v2\/tags?post=2019"}],"curies":[{"name":"wp","href":"https:\/\/api.w.org\/{rel}","templated":true}]}}