{"id":4404,"date":"2023-06-15T08:06:12","date_gmt":"2023-06-15T06:06:12","guid":{"rendered":"https:\/\/www.migration-macht-gesellschaft.de\/?p=4404"},"modified":"2023-06-26T12:26:37","modified_gmt":"2023-06-26T10:26:37","slug":"open-hearts-open-minds-kulturfestival-anlaesslich-des-weltfluechtlingstags-am-24-06-in-muenchen","status":"publish","type":"post","link":"https:\/\/www.migration-macht-gesellschaft.de\/es\/open-hearts-open-minds-kulturfestival-anlaesslich-des-weltfluechtlingstags-am-24-06-in-muenchen\/","title":{"rendered":"\u00abOpen hearts &#8211; open minds!\u00bb Kulturfestival anl\u00e4sslich des Weltfl\u00fcchtlingstags am 24.06. in M\u00fcnchen"},"content":{"rendered":"<div  class='avia-image-container  av-styling-    avia-builder-el-0  el_before_av_textblock  avia-builder-el-first  avia-align-center '  itemprop=\"image\" itemscope=\"itemscope\" itemtype=\"https:\/\/schema.org\/ImageObject\"  ><div class='avia-image-container-inner'><div class='avia-image-overlay-wrap'><img class='avia_image' src='https:\/\/www.migration-macht-gesellschaft.de\/wp-content\/uploads\/2023\/05\/wft23_2000x450px.jpg' alt='' title='wft23_2000x450px' height=\"575\" width=\"2560\"  itemprop=\"thumbnailUrl\"  \/><\/div><\/div><\/div>\n<section class=\"av_textblock_section \"  itemscope=\"itemscope\" itemtype=\"https:\/\/schema.org\/BlogPosting\" itemprop=\"blogPost\" ><div class='avia_textblock  '   itemprop=\"text\" ><h1><strong>\u00dcber das Kulturfestival Weltfl\u00fcchtlingstag<\/strong><\/h1>\n<\/div><\/section>\n<div  class=\"togglecontainer   toggle_close_all  avia-builder-el-2  el_after_av_textblock  el_before_av_hr \" >\n<section class=\"av_toggle_section\"  itemscope=\"itemscope\" itemtype=\"https:\/\/schema.org\/BlogPosting\" itemprop=\"blogPost\"  >    <div role=\"tablist\" class=\"single_toggle\" data-tags=\"{Todo} \"  >        <p data-fake-id=\"#toggle-id-1\" class=\"toggler \"  itemprop=\"headline\"    role=\"tab\" tabindex=\"0\" aria-controls=\"toggle-id-1-container\">\"Open hearts - open minds!\" Kulturfestival Weltfl\u00fcchtlingstags am 24.06.2023<span class=\"toggle_icon\" >        <span class=\"vert_icon\"><\/span><span class=\"hor_icon\"><\/span><\/span><\/p>        <div id=\"toggle-id-1-container\" class=\"toggle_wrap \"  >            <div class=\"toggle_content invers-color \"  itemprop=\"text\"   ><h1><strong>\u00abOpen hearts &#8211; open minds!\u00bb Kulturfestival anl\u00e4sslich des Weltfl\u00fcchtlingstags am 24.06. in M\u00fcnchen<\/strong><\/h1>\n<p>Anl\u00e4sslich des Weltfl\u00fcchtlingstages am 20. Juni veranstalten wir, ein Zusammenschluss verschiedener M\u00fcnchner Organisationen, am 24.06.2023 ein gro\u00dfes Kulturfestival.\u00a0 Unter dem Motto <strong>\u00abOpen hearts &#8211; open minds!\u00bb<\/strong> findet von 14:30 bis 22:00 Uhr im EineWeltHaus in der Schwanthalerstra\u00dfe 80 ein vielf\u00e4ltiges Programm statt. Das EineWeltHaus ist seit Jahren bekannt als ein Ort des Dialogs und der Solidarit\u00e4t f\u00fcr Menschen vielf\u00e4ltigster Hintergr\u00fcnde. Ein breites M\u00fcnchner B\u00fcndnis befasst sich t\u00e4glich mit den Themen Flucht und Migration.<\/p>\n<p>An diesem Jahrestag m\u00f6chten wir nicht nur auf die schwierige Lage von Gefl\u00fcchteten aufmerksam machen, sondern auch ein Festival von, f\u00fcr und mit ihnen veranstalten.<\/p>\n<p>Da der diesj\u00e4hrige CSD auf den gleichen Tag wie das Kulturfestival f\u00e4llt, m\u00f6chten wir Hand in Hand gehen und uns gegenseitig unterst\u00fctzen. An dieser Stelle m\u00f6chten wir auf das Motto des CSD 2023 und auf die Petition f\u00fcr einen queeren Aktionsplan f\u00fcr Bayern hinweisen. Zus\u00e4tzlich sind wir in diesem Jahr auch auf der B\u00fchne im Rahmen des CSD mit Programmpunkten vertreten.<\/p>\n<p>Infos: <a href=\"https:\/\/www.bundesregierung.de\/breg-de\/suche\/aktionsplanqueerleben-2144130\">Aktionsplan \u00abQueer leben\u00bb | Bundesregierung<\/a><\/p>\n<p>Petition: <a href=\"https:\/\/action.allout.org\/de\/m\/911d506e\/\">Bayerischer Aktionsplan LGBTIQ* f\u00fcr Gleichstellung und gegen Diskriminierung! (allout.org)<\/a><\/p>\n<p>Wir laden alle interessierten M\u00fcnchner*innen ein \u2013 egal welcher Nationalit\u00e4t, Religion, sexuellen Orientierung oder welchen Geschlechts, ob schon lange oder erst seit Kurzem in M\u00fcnchen. Alle sind willkommen! Die Kulturveranstaltung wird von \u00fcber 70 K\u00fcnstler*innen und Workshopleiter<em>*<\/em>innen, von denen der \u00fcberwiegende Teil Flucht- und\/oder Migrationserfahrung hat, aktiv mitgestaltet. Euch erwartet ein vielf\u00e4ltiges Programm f\u00fcr unterschiedliche Interessen und Altersgruppen. Musik, Tanz, Selbstverteidigung, Workshops und vieles mehr! F\u00fcr Jede*n ist etwas dabei! Mit \u00abOpen hearts &#8211; open minds\u00bb machen wir die vielf\u00e4ltige M\u00fcnchner Migrationsgesellschaft sichtbar und schaffen Raum f\u00fcr die Begegnung von Menschen mit und ohne Flucht- und Migrationserfahrung. Wir setzen damit ein klares Signal f\u00fcr ein positives Miteinander.<\/p>\n<p>Wir freuen uns auf Euer Kommen und gemeinsame Stunden voller Kultur und Begegnung!<\/p>\n<p>Herzliche Gr\u00fc\u00dfe,<\/p>\n<p>Das Veranstaltungsteam<\/p>\n<p><em><u>Veranstalter*innen<\/u><\/em><em>:\u00a0<\/em><\/p>\n<p><em>Bellevue di Monaco, Campus di Monaco, <\/em><em>Fachstelle Volunteering\/ Ehrenamt der Diakone M\u00fcnchen und Oberbayern<\/em><em>, Lighthouse mobil,<\/em> <em>KJR M\u00fcnchen-Stadt, Lichterkette e.V.,<\/em> <em>Migration macht Gesellschaft e.V., MIKADO \u2013 InitiativGruppe e.V., Morgen e.V., M\u00fcnchner Fl\u00fcchtlingsrat e.V., SchlaU Tr\u00e4gerkreis Junge Fl\u00fcchtlinge e.V., Willkommen in M\u00fcnchen<\/em><\/p>\n<p><em>\u00a0<\/em><\/p>\n<p><em><u>Unterst\u00fctzer*innen:\u00a0<\/u><\/em><\/p>\n<p><em>Landeshauptstadt M\u00fcnchen Kulturreferat, Landeshauptstadt M\u00fcnchen Sozialreferat, Caritas Institut f\u00fcr Bildung und Entwicklung, <\/em><em>Abteilung FAMI der Erzdi\u00f6zese M\u00fcnchen und Freising<\/em><em>, EineWeltHaus, Glockenbachwerkstatt e.V., Abteilung Flucht, Asyl, Nord-S\u00fcd-Forum, Green City e.V., Dritte Welt Zentrum e.V., SchlaU-Werkstatt f\u00fcr Migrationsp\u00e4dagogik gGmbH <\/em><\/p>\n<p><em>\u00a0<\/em><\/p>\n<p><em>Hintergrund:<\/em><br \/>\nDer Weltfl\u00fcchtlingstag wurde von den Vereinten Nationen eingerichtet und wird seit 2001 jedes Jahr am 20. Juni begangen. Das Fl\u00fcchtlingshochkommissariat der Vereinten Nationen (UNHCR) ver\u00f6ffentlicht zu diesem Tag seinen Jahresbericht.<br \/>\nEnde 2021 waren \u00fcber 89,3 Millionen Menschen weltweit auf der Flucht. 27,1\u00a0\u00a0 Millionen dieser Menschen sind Fl\u00fcchtlinge, die vor Konflikten, Verfolgung oder schweren Menschenrechtsverletzungen aus ihrer Heimat flohen. Darunter fallen 21,3 Millionen Fl\u00fcchtlinge unter das Mandat von UNHCR. 53,2 Millionen Menschen sind Binnenvertriebene, Menschen, die innerhalb ihres Landes auf der Flucht sind. 4,6 Millionen Menschen unter den 89,3 Millionen sind Asylsuchende.<br \/>\nMehr unter: <a href=\"https:\/\/www.unhcr.org\/dach\/de\/services\/statistiken\">https:\/\/www.unhcr.org\/dach\/de\/services\/statistiken<\/a><\/p>\n            <\/div>        <\/div>    <\/div><\/section>\n<\/div>\n<div  style=' margin-top:30px; margin-bottom:30px;'  class='hr hr-custom hr-center hr-icon-yes   avia-builder-el-3  el_after_av_toggle_container  el_before_av_textblock '><span class='hr-inner  inner-border-av-border-fat' style=' width:800px; border-color:#b02b2c; max-width:45%;' ><span class='hr-inner-style'><\/span><\/span><span class='av-seperator-icon'  aria-hidden='true' data-av_icon='\ue808' data-av_iconfont='entypo-fontello'><\/span><span class='hr-inner  inner-border-av-border-fat' style=' width:800px; border-color:#b02b2c; max-width:45%;' ><span class='hr-inner-style'><\/span><\/span><\/div>\n<section class=\"av_textblock_section \"  itemscope=\"itemscope\" itemtype=\"https:\/\/schema.org\/BlogPosting\" itemprop=\"blogPost\" ><div class='avia_textblock  '   itemprop=\"text\" ><h1>B\u00fchnenprogramm<\/h1>\n<\/div><\/section>\n<div  class=\"togglecontainer   toggle_close_all  avia-builder-el-5  el_after_av_textblock  el_before_av_hr \" data-currentstyle='background-color:#eeee22; '>\n<section class=\"av_toggle_section\"  itemscope=\"itemscope\" itemtype=\"https:\/\/schema.org\/BlogPosting\" itemprop=\"blogPost\"  >    <div role=\"tablist\" class=\"single_toggle\" data-tags=\"{Todo} \"  >        <p data-fake-id=\"#toggle-id-2\" class=\"toggler  hasCustomColor av-inherit-font-color \"  itemprop=\"headline\"  style='color: #000000; '  role=\"tab\" tabindex=\"0\" aria-controls=\"toggle-id-2-container\">16:00 Uhr: Begr\u00fc\u00dfung<span class=\"toggle_icon\" style='border-color:#000000;'>        <span class=\"vert_icon\"><\/span><span class=\"hor_icon\"><\/span><\/span><\/p>        <div id=\"toggle-id-2-container\" class=\"toggle_wrap \"  >            <div class=\"toggle_content invers-color  av-inherit-font-color \"  itemprop=\"text\"  style='color: #000000; ' ><p>Wir laden alle interessierten M\u00fcnchner*innen ein \u2013 egal welcher Nationalit\u00e4t, Religion, sexuellen Orientierung oder welchen Geschlechts, ob schon lange oder erst seit Kurzem in M\u00fcnchen. Alle sind willkommen! Die Kulturveranstaltung wird von \u00fcber 70 K\u00fcnstler*innen und Workshopleiter<em>*<\/em>innen, von denen der \u00fcberwiegende Teil Flucht- und\/oder Migrationserfahrung hat, aktiv mitgestaltet. Euch erwartet ein vielf\u00e4ltiges Programm f\u00fcr unterschiedliche Interessen und Altersgruppen. Musik, Tanz, Selbstverteidigung, Workshops und vieles mehr! F\u00fcr Jede*n ist etwas dabei! Mit \u201cOpen hearts \u2013 open minds\u201d machen wir die vielf\u00e4ltige M\u00fcnchner Migrationsgesellschaft sichtbar und schaffen Raum f\u00fcr die Begegnung von Menschen mit und ohne Flucht- und Migrationserfahrung. Wir setzen damit ein klares Signal f\u00fcr ein positives Miteinander.<\/p>\n<p>Wir freuen uns auf Euer Kommen und gemeinsame Stunden voller Kultur und Begegnung!<\/p>\n<p>Herzliche Gr\u00fc\u00dfe,<\/p>\n<p>Das Veranstaltungsteam<\/p>\n            <\/div>        <\/div>    <\/div><\/section>\n<section class=\"av_toggle_section\"  itemscope=\"itemscope\" itemtype=\"https:\/\/schema.org\/BlogPosting\" itemprop=\"blogPost\"  >    <div role=\"tablist\" class=\"single_toggle\" data-tags=\"{Todo} \"  >        <p data-fake-id=\"#toggle-id-3\" class=\"toggler  hasCustomColor av-inherit-font-color \"  itemprop=\"headline\"  style='color: #000000; '  role=\"tab\" tabindex=\"0\" aria-controls=\"toggle-id-3-container\">16:15 Uhr: Word Up - Slam<span class=\"toggle_icon\" style='border-color:#000000;'>        <span class=\"vert_icon\"><\/span><span class=\"hor_icon\"><\/span><\/span><\/p>        <div id=\"toggle-id-3-container\" class=\"toggle_wrap \"  >            <div class=\"toggle_content invers-color  av-inherit-font-color \"  itemprop=\"text\"  style='color: #000000; ' ><p><img loading=\"lazy\" decoding=\"async\" class=\"wp-image-4507 size-medium alignleft\" src=\"https:\/\/www.migration-macht-gesellschaft.de\/wp-content\/uploads\/2023\/05\/Logo_Word_Up-300x145.jpg\" alt=\"\" width=\"300\" height=\"145\" srcset=\"https:\/\/www.migration-macht-gesellschaft.de\/wp-content\/uploads\/2023\/05\/Logo_Word_Up-300x145.jpg 300w, https:\/\/www.migration-macht-gesellschaft.de\/wp-content\/uploads\/2023\/05\/Logo_Word_Up-768x370.jpg 768w, https:\/\/www.migration-macht-gesellschaft.de\/wp-content\/uploads\/2023\/05\/Logo_Word_Up-705x340.jpg 705w, https:\/\/www.migration-macht-gesellschaft.de\/wp-content\/uploads\/2023\/05\/Logo_Word_Up.jpg 1000w\" sizes=\"auto, (max-width: 300px) 100vw, 300px\" \/>\u201eWord Up! Rap &amp; Poetry gegen Rassismus und Diskriminierung\u201c bringt junge Talente auf die B\u00fchne, die in Workshops eigene k\u00fcnstlerische Texte f\u00fcr eine gerechtere Gesellschaft geschrieben haben. Die Texte sind antirassistisch, feministisch, sozialkritisch, intersektional, empowernd, jung und laut &#8211; Word Up! Word Up ist ein Projekt des Kreisjugendrings Ebersberg und des Bezirksjugendrings Oberbayern.<\/p>\n            <\/div>        <\/div>    <\/div><\/section>\n<section class=\"av_toggle_section\"  itemscope=\"itemscope\" itemtype=\"https:\/\/schema.org\/BlogPosting\" itemprop=\"blogPost\"  >    <div role=\"tablist\" class=\"single_toggle\" data-tags=\"{Todo} \"  >        <p data-fake-id=\"#toggle-id-4\" class=\"toggler  hasCustomColor av-inherit-font-color \"  itemprop=\"headline\"  style='color: #000000; '  role=\"tab\" tabindex=\"0\" aria-controls=\"toggle-id-4-container\">17:15 Uhr: Syrischer Chor<span class=\"toggle_icon\" style='border-color:#000000;'>        <span class=\"vert_icon\"><\/span><span class=\"hor_icon\"><\/span><\/span><\/p>        <div id=\"toggle-id-4-container\" class=\"toggle_wrap \"  >            <div class=\"toggle_content invers-color  av-inherit-font-color \"  itemprop=\"text\"  style='color: #000000; ' ><p><img loading=\"lazy\" decoding=\"async\" class=\"wp-image-4521 alignleft\" src=\"https:\/\/www.migration-macht-gesellschaft.de\/wp-content\/uploads\/2023\/05\/syrische.jpg\" alt=\"\" width=\"374\" height=\"157\" \/><\/p>\n<p>Der Syrische Sozial- und Kulturverein in M\u00fcnchen: Junge Syrerinnen und Syrer, die dem Krieg in ihrer Heimat entkommen sind, aber die die Menschen, die dort geblieben sind, nicht vergessen wollen. Sie machen Musik, Workshops, Tanz, Theater, Sport \u2026, um die Hoffnung nicht zu verlieren, aber auch um zu zeigen, dass sie viel beitragen k\u00f6nnen zu unserer Gesellschaft.<\/p>\n            <\/div>        <\/div>    <\/div><\/section>\n<section class=\"av_toggle_section\"  itemscope=\"itemscope\" itemtype=\"https:\/\/schema.org\/BlogPosting\" itemprop=\"blogPost\"  >    <div role=\"tablist\" class=\"single_toggle\" data-tags=\"{Todo} \"  >        <p data-fake-id=\"#toggle-id-5\" class=\"toggler  hasCustomColor av-inherit-font-color \"  itemprop=\"headline\"  style='color: #000000; '  role=\"tab\" tabindex=\"0\" aria-controls=\"toggle-id-5-container\">18:30 Uhr: Team one Corner + Shiny G.<span class=\"toggle_icon\" style='border-color:#000000;'>        <span class=\"vert_icon\"><\/span><span class=\"hor_icon\"><\/span><\/span><\/p>        <div id=\"toggle-id-5-container\" class=\"toggle_wrap \"  >            <div class=\"toggle_content invers-color  av-inherit-font-color \"  itemprop=\"text\"  style='color: #000000; ' ><p><img loading=\"lazy\" decoding=\"async\" class=\"wp-image-4529 alignleft\" src=\"https:\/\/www.migration-macht-gesellschaft.de\/wp-content\/uploads\/2023\/05\/TeamOneCorner_2.jpg\" alt=\"\" width=\"390\" height=\"295\" \/><\/p>\n<p>Team One Corner \u2013 das sind Mam und Marcus. Sie rappen schon seit vielen Jahren zusammen. Sie kommen aus Gambia.<\/p>\n<p>Team One Corner \u2013 Mam and Marcus \u2013 have been creating Rap together since many years, basically spitting rhymes to every beat the find. They both are from Gambia.<\/p>\n<p>Ihr kennt Team One Corner von Veranstaltungen im Bellevue, beim Weltfl\u00fcchtlingstag oder auch von Demos z.B. der Seebr\u00fccke oder auch vom Rage Against Abschiebung!<\/p>\n<p><img loading=\"lazy\" decoding=\"async\" class=\"wp-image-4596 alignleft\" src=\"https:\/\/www.migration-macht-gesellschaft.de\/wp-content\/uploads\/2023\/05\/Louis_Gomez_ShinyG.jpg\" alt=\"\" width=\"388\" height=\"580\" \/><\/p>\n<p>Mein Name ist Louis Gomez, ich lebe seit 8 Jahren in M\u00fcnchen und komme aus Gambia in Westafrika. Als ShinyG komponiere ich Songs und mache Musik im Stil von Reggae-Musik Dancehall-Musik Afro-Musik\u00a0 und Trap-Musik<\/p>\n<p>Ihr findet mich unter dem K\u00fcnstlernamen Shiny G.<\/p>\n            <\/div>        <\/div>    <\/div><\/section>\n<section class=\"av_toggle_section\"  itemscope=\"itemscope\" itemtype=\"https:\/\/schema.org\/BlogPosting\" itemprop=\"blogPost\"  >    <div role=\"tablist\" class=\"single_toggle\" data-tags=\"{Todo} \"  >        <p data-fake-id=\"#toggle-id-6\" class=\"toggler  hasCustomColor av-inherit-font-color \"  itemprop=\"headline\"  style='color: #000000; '  role=\"tab\" tabindex=\"0\" aria-controls=\"toggle-id-6-container\">19:15 Uhr: Kokonelle<span class=\"toggle_icon\" style='border-color:#000000;'>        <span class=\"vert_icon\"><\/span><span class=\"hor_icon\"><\/span><\/span><\/p>        <div id=\"toggle-id-6-container\" class=\"toggle_wrap \"  >            <div class=\"toggle_content invers-color  av-inherit-font-color \"  itemprop=\"text\"  style='color: #000000; ' ><p><img loading=\"lazy\" decoding=\"async\" class=\"wp-image-4631 alignleft\" src=\"https:\/\/www.migration-macht-gesellschaft.de\/wp-content\/uploads\/2023\/05\/Kokonelle-scaled.jpg\" alt=\"\" width=\"221\" height=\"293\" \/><\/p>\n<p>Kokonelle<\/p>\n<p>Kokonelle ist S\u00e4ngerin, Rapperin und Songwriterin mit kongolesischen Wurzeln (Kinshasa). Sie singt schon ihr ganzes Leben und steht schon seit ihrer Jugendzeit auf der B\u00fchne. Ihr Style ist komplex, genauso wie Ihre Texte: Hip-Hop, RnB, Afro und Soul gemischt mit Englisch, Lingala, Franz\u00f6sisch und Deutsch.<\/p>\n            <\/div>        <\/div>    <\/div><\/section>\n<section class=\"av_toggle_section\"  itemscope=\"itemscope\" itemtype=\"https:\/\/schema.org\/BlogPosting\" itemprop=\"blogPost\"  >    <div role=\"tablist\" class=\"single_toggle\" data-tags=\"{Todo} \"  >        <p data-fake-id=\"#toggle-id-7\" class=\"toggler  hasCustomColor av-inherit-font-color \"  itemprop=\"headline\"  style='color: #000000; '  role=\"tab\" tabindex=\"0\" aria-controls=\"toggle-id-7-container\">19:45 Uhr: G\u00fcndalein<span class=\"toggle_icon\" style='border-color:#000000;'>        <span class=\"vert_icon\"><\/span><span class=\"hor_icon\"><\/span><\/span><\/p>        <div id=\"toggle-id-7-container\" class=\"toggle_wrap \"  >            <div class=\"toggle_content invers-color  av-inherit-font-color \"  itemprop=\"text\"  style='color: #000000; ' ><p><img loading=\"lazy\" decoding=\"async\" class=\" wp-image-4557 alignleft\" src=\"https:\/\/www.migration-macht-gesellschaft.de\/wp-content\/uploads\/2023\/05\/G\u00fcndalein.jpeg.jpg\" alt=\"\" width=\"232\" height=\"307\" \/><\/p>\n<p>Mit G\u00fcndaleins Deb\u00fct-Single \u201eI\u2018m Crazy\u201c aus 2020 hat die M\u00fcnchner Musikerin und Aktivistin direkt ein Zeichen gesetzt und ist seitdem unter den gehypten Newcomer:innen der Szene. Seit 2021 findet man sie auf fast allen Stages M\u00fcnchens, wie dem Bahnw\u00e4rter Thiel, Backstage M\u00fcnchen, Import Export oder sogar schon im Olympiastadion.<br \/>\nDie Musik der Newcomerin ist ein Mix aus Hip-Hop und RnB und Einfl\u00fcssen von Legenden wie Amy Winehouse und Lauryn Hill.<\/p>\n            <\/div>        <\/div>    <\/div><\/section>\n<section class=\"av_toggle_section\"  itemscope=\"itemscope\" itemtype=\"https:\/\/schema.org\/BlogPosting\" itemprop=\"blogPost\"  >    <div role=\"tablist\" class=\"single_toggle\" data-tags=\"{Todo} \"  >        <p data-fake-id=\"#toggle-id-8\" class=\"toggler  hasCustomColor av-inherit-font-color \"  itemprop=\"headline\"  style='color: #000000; '  role=\"tab\" tabindex=\"0\" aria-controls=\"toggle-id-8-container\">20:30 Uhr: Dobranotch<span class=\"toggle_icon\" style='border-color:#000000;'>        <span class=\"vert_icon\"><\/span><span class=\"hor_icon\"><\/span><\/span><\/p>        <div id=\"toggle-id-8-container\" class=\"toggle_wrap \"  >            <div class=\"toggle_content invers-color  av-inherit-font-color \"  itemprop=\"text\"  style='color: #000000; ' ><p><img loading=\"lazy\" decoding=\"async\" class=\"wp-image-4537 alignleft\" src=\"https:\/\/www.migration-macht-gesellschaft.de\/wp-content\/uploads\/2023\/05\/Dobranotch_by_Andrei_Kezzin_Landscape-scaled.jpg\" alt=\"\" width=\"337\" height=\"249\" \/><\/p>\n<p>Dobranotch hat an gro\u00dfen internationalen Festivals teilgenommen, wie z. B. Sziget (Ungarn), Fusion (Deutschland), Ashkenaz (Kanada), J\u00fcdisches Kulturfestival Krakau (Polen), Rudolstadt (Deutschland), Andan\u00e7as (Portugal) und viele andere<\/p>\n<p>Das musikalische Abenteuer begann in den Stra\u00dfen der franz\u00f6sischen Stadt Nantes.<\/p>\n<p>Dobranotch seit mehr als zwanzig Jahren die grenzenlose Energie der Roots-Musik in die Welt der Roots-Musik: J\u00fcdisch, Russisch, Balkan, Roma. In der Philharmonie klingen sie wie in der Philharmonie klingen sie wie raffinierte K\u00fcnstler, in einem Club oder auf einem Festival versetzen sie das Publikum in eine tanzende Trance, und wenn sie von der B\u00fchne herunterkommen, sind sie das Orchester f\u00fcr einen magischen Karneval.<\/p>\n<p>Stir the soul! Dobranotch!<\/p>\n            <\/div>        <\/div>    <\/div><\/section>\n<section class=\"av_toggle_section\"  itemscope=\"itemscope\" itemtype=\"https:\/\/schema.org\/BlogPosting\" itemprop=\"blogPost\"  >    <div role=\"tablist\" class=\"single_toggle\" data-tags=\"{Todo} \"  >        <p data-fake-id=\"#toggle-id-9\" class=\"toggler  hasCustomColor av-inherit-font-color \"  itemprop=\"headline\"  style='color: #000000; '  role=\"tab\" tabindex=\"0\" aria-controls=\"toggle-id-9-container\">16:00 - 22:00 Uhr: Foto-Ausstellung \"Zeig mir, wie du wohnst\"<span class=\"toggle_icon\" style='border-color:#000000;'>        <span class=\"vert_icon\"><\/span><span class=\"hor_icon\"><\/span><\/span><\/p>        <div id=\"toggle-id-9-container\" class=\"toggle_wrap \"  >            <div class=\"toggle_content invers-color  av-inherit-font-color \"  itemprop=\"text\"  style='color: #000000; ' ><p><img loading=\"lazy\" decoding=\"async\" class=\"wp-image-4543 alignleft\" src=\"https:\/\/www.migration-macht-gesellschaft.de\/wp-content\/uploads\/2023\/05\/Ausstellung_Postkarte2-scaled.jpg\" alt=\"\" width=\"472\" height=\"422\" \/><\/p>\n<div class=\"current markeddown hide-on-edit js-desc js-show-with-desc\" dir=\"auto\">\n<p dir=\"auto\"><strong>Fotoausstellung \u201eZeig mir, wie du wohnst\u201c am Weltfl\u00fcchtlingstag 24.06.2022<\/strong><\/p>\n<p dir=\"auto\"><strong>Kurzbeschreibung<\/strong><\/p>\n<p dir=\"auto\">Gefl\u00fcchtete leben oft \u00fcber mehrere Jahre in Fl\u00fcchtlingsunterk\u00fcnften. Asylverfahren dauern nicht selten lange, und auch nach Abschluss des Verfahrens gelingt es oft nicht, auf dem angespannten Wohnungsmarkt eine eigene Wohnung zu finden. Die Unterkunft ist f\u00fcr viele damit nicht nur ein vor\u00fcbergehender Aufenthaltsort, sondern wird zum l\u00e4ngerfristigen Wohnort. Die Bewohner*innen schaffen sich, soweit es die Bedingungen erlauben, eine pers\u00f6nliche Atmosph\u00e4re in ihren Zimmern. Die Fotos in der Ausstellung erlauben einen Einblick in diese R\u00e4ume. Die Bilder werden begleitet von kurzen Texten. Darin schildern die Bewohner*innen, was f\u00fcr sie in ihrem Wohnraum wichtig ist und wie sie wohnen wollen.<\/p>\n<p dir=\"auto\"><strong>Ziele<\/strong><\/p>\n<p dir=\"auto\">\u2013 Sensibilisieren und informieren \u00fcber die Wohnsituation von Gefl\u00fcchteten in den Unterk\u00fcnften<\/p>\n<p dir=\"auto\">\u2013 Gefl\u00fcchtete und ihre W\u00fcnsche und Bed\u00fcrfnisse in die \u00d6ffentlichkeit bringen<\/p>\n<p dir=\"auto\">\u2013 Angespannten Wohnungsmarkt und Diskriminierungen bei der Wohnungssuche thematisieren<\/p>\n<p dir=\"auto\">Menschen als ehrenamtliche \u201eWohnpat*innen\u201c f\u00fcr Gefl\u00fcchtete gewinnen. (Im Herbst soll eine Schulung f\u00fcr Wohnpat*innen starten).<\/p>\n<\/div>\n            <\/div>        <\/div>    <\/div><\/section>\n<section class=\"av_toggle_section\"  itemscope=\"itemscope\" itemtype=\"https:\/\/schema.org\/BlogPosting\" itemprop=\"blogPost\"  >    <div role=\"tablist\" class=\"single_toggle\" data-tags=\"{Todo} \"  >        <p data-fake-id=\"#toggle-id-10\" class=\"toggler  hasCustomColor av-inherit-font-color \"  itemprop=\"headline\"  style='color: #000000; '  role=\"tab\" tabindex=\"0\" aria-controls=\"toggle-id-10-container\">16:00 - 22:00 Uhr: DJane Nadjia<span class=\"toggle_icon\" style='border-color:#000000;'>        <span class=\"vert_icon\"><\/span><span class=\"hor_icon\"><\/span><\/span><\/p>        <div id=\"toggle-id-10-container\" class=\"toggle_wrap \"  >            <div class=\"toggle_content invers-color  av-inherit-font-color \"  itemprop=\"text\"  style='color: #000000; ' ><p><img loading=\"lazy\" decoding=\"async\" class=\"wp-image-4619 alignleft\" src=\"https:\/\/www.migration-macht-gesellschaft.de\/wp-content\/uploads\/2023\/05\/WhatsApp_Image_2023-05-10_at_11.49.13.jpeg.jpg\" alt=\"\" width=\"284\" height=\"265\" \/>Nadjia begleitet den Abend hinter den Decks. Die DJ und Aktivistin aus M\u00fcnchen ist kannt f\u00fcr ihren entspannten und melodischen Sound. AlsTeilgeberin des WUT Kollektivs auch immer im Einsatz f\u00fcr eine diversere Szene. Foto Credit Priscilla Grubo<\/p>\n            <\/div>        <\/div>    <\/div><\/section>\n<\/div>\n<div  style=' margin-top:30px; margin-bottom:30px;'  class='hr hr-custom hr-center hr-icon-yes   avia-builder-el-6  el_after_av_toggle_container  el_before_av_textblock '><span class='hr-inner  inner-border-av-border-fat' style=' width:800px; border-color:#b02b2c; max-width:45%;' ><span class='hr-inner-style'><\/span><\/span><span class='av-seperator-icon'  aria-hidden='true' data-av_icon='\ue808' data-av_iconfont='entypo-fontello'><\/span><span class='hr-inner  inner-border-av-border-fat' style=' width:800px; border-color:#b02b2c; max-width:45%;' ><span class='hr-inner-style'><\/span><\/span><\/div>\n<section class=\"av_textblock_section \"  itemscope=\"itemscope\" itemtype=\"https:\/\/schema.org\/BlogPosting\" itemprop=\"blogPost\" ><div class='avia_textblock  '   itemprop=\"text\" ><h1><span class=\"x193iq5w xeuugli x13faqbe x1vvkbs x1xmvt09 x1lliihq x1s928wv xhkezso x1gmr53x x1cpjm7i x1fgarty x1943h6x xudqn12 x3x7a5m x6prxxf xvq8zen xo1l8bm xzsf02u\" dir=\"auto\">Workshops &amp; Begleitprogramm<\/span><\/h1>\n<h4><span class=\"x193iq5w xeuugli x13faqbe x1vvkbs x1xmvt09 x1lliihq x1s928wv xhkezso x1gmr53x x1cpjm7i x1fgarty x1943h6x xudqn12 x3x7a5m x6prxxf xvq8zen xo1l8bm xzsf02u\" dir=\"auto\"> (Anmeldung unter <a class=\"x1i10hfl xjbqb8w x6umtig x1b1mbwd xaqea5y xav7gou x9f619 x1ypdohk xt0psk2 xe8uvvx xdj266r x11i5rnm xat24cr x1mh8g0r xexx8yu x4uap5 x18d9i69 xkhd6sd x16tdsg8 x1hl2dhg xggy1nq x1a2a7pz xt0b8zv x1fey0fg\" tabindex=\"0\" role=\"link\" href=\"https:\/\/kurzelinks.de\/3rma?fbclid=IwAR1cl7wlGk1g93J1faOEitJgOo6TfC2i0JgKFzWfEbKQ8_4sNY67_qTmU_0\" target=\"_blank\" rel=\"nofollow noopener noreferrer\"><span style=\"color: #0000ff;\">https:\/\/kurzelinks.de\/3rma<\/span><\/a> )<\/span><\/h4>\n<\/div><\/section>\n<div  class=\"togglecontainer   toggle_close_all  avia-builder-el-8  el_after_av_textblock  avia-builder-el-last \" data-currentstyle='background-color:#eeee22; '>\n<section class=\"av_toggle_section\"  itemscope=\"itemscope\" itemtype=\"https:\/\/schema.org\/BlogPosting\" itemprop=\"blogPost\"  >    <div role=\"tablist\" class=\"single_toggle\" data-tags=\"{Todo} \"  >        <p data-fake-id=\"#toggle-id-11\" class=\"toggler  hasCustomColor av-inherit-font-color \"  itemprop=\"headline\"  style='color: #000000; '  role=\"tab\" tabindex=\"0\" aria-controls=\"toggle-id-11-container\">Workshop 1 - 14:30 Uhr: Lucca Alves - Vogue femme (2 Std.) - max. 20 Pers.<span class=\"toggle_icon\" style='border-color:#000000;'>        <span class=\"vert_icon\"><\/span><span class=\"hor_icon\"><\/span><\/span><\/p>        <div id=\"toggle-id-11-container\" class=\"toggle_wrap \"  >            <div class=\"toggle_content invers-color  av-inherit-font-color \"  itemprop=\"text\"  style='color: #000000; ' ><p><img loading=\"lazy\" decoding=\"async\" class=\"wp-image-4563 alignleft\" src=\"https:\/\/www.migration-macht-gesellschaft.de\/wp-content\/uploads\/2023\/05\/Luca_Alvez.png\" alt=\"\" width=\"324\" height=\"412\" \/><\/p>\n<p><strong>Vogue femme workshop<\/strong><\/p>\n<p>Brazilian-born Lucca Alvez aka Lucca Louboutin, who recently moved to Bavaria, got in touch with the scene at a local ball in 2016. Ballroom offers him a safe space to be himself. \u00abIt&#8217;s a celebration of diversity.\u00bb The 25-year-old specializes in the butch queen vogue femme category. For him, voguing is an expression of femininity and freedom. On Instagram, he shows how to do a fierce walk as a man in high heels. <a href=\"https:\/\/www.instagram.com\/luccalvez\/\">https:\/\/www.instagram.com\/luccalvez\/<\/a><\/p>\n<p>*queer, bipoc participants are more than welcome.<\/p>\n<p>Age\/Alter: 16+<\/p>\n<p>Time\/ Zeit: 2hours\/ 2 Stunden<\/p>\n            <\/div>        <\/div>    <\/div><\/section>\n<section class=\"av_toggle_section\"  itemscope=\"itemscope\" itemtype=\"https:\/\/schema.org\/BlogPosting\" itemprop=\"blogPost\"  >    <div role=\"tablist\" class=\"single_toggle\" data-tags=\"{Todo} \"  >        <p data-fake-id=\"#toggle-id-12\" class=\"toggler  hasCustomColor av-inherit-font-color \"  itemprop=\"headline\"  style='color: #000000; '  role=\"tab\" tabindex=\"0\" aria-controls=\"toggle-id-12-container\">Workshop 2 - 14:30 Uhr: G\u00fcndalein - HipHop- (2 Std.) max. 12 Pers<span class=\"toggle_icon\" style='border-color:#000000;'>        <span class=\"vert_icon\"><\/span><span class=\"hor_icon\"><\/span><\/span><\/p>        <div id=\"toggle-id-12-container\" class=\"toggle_wrap \"  >            <div class=\"toggle_content invers-color  av-inherit-font-color \"  itemprop=\"text\"  style='color: #000000; ' ><p><img loading=\"lazy\" decoding=\"async\" class=\"wp-image-4557 alignleft\" src=\"https:\/\/www.migration-macht-gesellschaft.de\/wp-content\/uploads\/2023\/05\/G\u00fcndalein.jpeg.jpg\" alt=\"\" width=\"215\" height=\"309\" \/><\/p>\n<p><strong>Hip Hop Workshop mit G\u00fcndalein<\/strong><\/p>\n<p>Du bist 16 Jahre oder \u00e4lter und wolltest schon immer in die Hip Hop Welt tauchen?<\/p>\n<p>Du h\u00f6rst gerne Rap, m\u00f6chtest mehr \u00fcber Hip Hop erfahren und vielleicht sogar selber mal rappen versuchen?<\/p>\n<p>Komm zu unserem zwei St\u00fcndigen Workshop, wo wir nicht nur einen kleinen Hip Hop History Input haben, sondern uns auch ans Songwriting wagen.<\/p>\n<p>Alter: 16+<\/p>\n<p>Zeit: 2 std.<\/p>\n            <\/div>        <\/div>    <\/div><\/section>\n<section class=\"av_toggle_section\"  itemscope=\"itemscope\" itemtype=\"https:\/\/schema.org\/BlogPosting\" itemprop=\"blogPost\"  >    <div role=\"tablist\" class=\"single_toggle\" data-tags=\"{Todo} \"  >        <p data-fake-id=\"#toggle-id-13\" class=\"toggler  hasCustomColor av-inherit-font-color \"  itemprop=\"headline\"  style='color: #000000; '  role=\"tab\" tabindex=\"0\" aria-controls=\"toggle-id-13-container\">Workshop 3 - 17:00 Uhr: Selbstverteidigungskurs ab 15 Jahren (1,0 Std.) max. 10 Personen<span class=\"toggle_icon\" style='border-color:#000000;'>        <span class=\"vert_icon\"><\/span><span class=\"hor_icon\"><\/span><\/span><\/p>        <div id=\"toggle-id-13-container\" class=\"toggle_wrap \"  >            <div class=\"toggle_content invers-color  av-inherit-font-color \"  itemprop=\"text\"  style='color: #000000; ' ><p><img loading=\"lazy\" decoding=\"async\" class=\"wp-image-4577 alignleft\" src=\"https:\/\/www.migration-macht-gesellschaft.de\/wp-content\/uploads\/2023\/05\/Foto_von_Arif_Haidary.1-1-scaled.jpg\" alt=\"\" width=\"191\" height=\"489\" \/><\/p>\n<p><strong>Selbstverteidigungskurs:<\/strong><\/p>\n<p>Mein Name ist Arif Abdullah Haidary. Ich bin 2015 mit meinem j\u00fcngeren Bruder nach Deutschland gekommen. Wir machen beide Vollkontakt-Karate, sind in der deutschen Nationalmannschaft und k\u00e4mpfen seit 2016 bei bayerischen und deutschen sowie europ\u00e4ischen Meisterschaften f\u00fcr Deutschland.<\/p>\n<p>Mein Bruder Asif Abdullah Haidary hat seine Ausbildung als Fachkraft f\u00fcr Schutz und Sicherheit absolviert und arbeitet momentan in einer gro\u00dfen Firma in M\u00fcnchen. Im Rahmen unseres Trainings haben wir Selbstverteidigungs- techniken gelernt und wollen gerne unser Wissen weitergeben.<\/p>\n<p>Alter: 15+, m\/w\/d<\/p>\n<p>Wann: 24.6. 2023 um 17-18:00Uhr oder 18:00-19:00Uhr (maximal 10 Teilnehmende pro Einheit)<\/p>\n<p>Wo: Eine Welt Haus<\/p>\n            <\/div>        <\/div>    <\/div><\/section>\n<section class=\"av_toggle_section\"  itemscope=\"itemscope\" itemtype=\"https:\/\/schema.org\/BlogPosting\" itemprop=\"blogPost\"  >    <div role=\"tablist\" class=\"single_toggle\" data-tags=\"{Todo} \"  >        <p data-fake-id=\"#toggle-id-14\" class=\"toggler  hasCustomColor av-inherit-font-color \"  itemprop=\"headline\"  style='color: #000000; '  role=\"tab\" tabindex=\"0\" aria-controls=\"toggle-id-14-container\">Workshop 4 - 18:00 Uhr: Selbstverteidigungskurs ab 15 Jahren (1,0 Std.) max. 10 Personen<span class=\"toggle_icon\" style='border-color:#000000;'>        <span class=\"vert_icon\"><\/span><span class=\"hor_icon\"><\/span><\/span><\/p>        <div id=\"toggle-id-14-container\" class=\"toggle_wrap \"  >            <div class=\"toggle_content invers-color  av-inherit-font-color \"  itemprop=\"text\"  style='color: #000000; ' ><p><img loading=\"lazy\" decoding=\"async\" class=\"wp-image-4577 alignleft\" src=\"https:\/\/www.migration-macht-gesellschaft.de\/wp-content\/uploads\/2023\/05\/Foto_von_Arif_Haidary.1-1-scaled.jpg\" alt=\"\" width=\"183\" height=\"365\" \/><\/p>\n<p><strong>Selbstverteidigungskurs:<\/strong><\/p>\n<p>Mein Name ist Arif Abdullah Haidary. Ich bin 2015 mit meinem j\u00fcngeren Bruder nach Deutschland gekommen. Wir machen beide Vollkontakt-Karate, sind in der deutschen Nationalmannschaft und k\u00e4mpfen seit 2016 bei bayerischen und deutschen sowie europ\u00e4ischen Meisterschaften f\u00fcr Deutschland.<\/p>\n<p>Mein Bruder Asif Abdullah Haidary hat seine Ausbildung als Fachkraft f\u00fcr Schutz und Sicherheit absolviert und arbeitet momentan in einer gro\u00dfen Firma in M\u00fcnchen. Im Rahmen unseres Trainings haben wir Selbstverteidigungs- techniken gelernt und wollen gerne unser Wissen weitergeben.<\/p>\n<p>Alter: 15+, m\/w\/d<\/p>\n<p>Wann: 24.6. 2023 um 17-18:00Uhr oder 18:00-19:00Uhr (maximal 10 Teilnehmende pro Einheit)<\/p>\n<p>Wo: Eine Welt Haus<\/p>\n            <\/div>        <\/div>    <\/div><\/section>\n<section class=\"av_toggle_section\"  itemscope=\"itemscope\" itemtype=\"https:\/\/schema.org\/BlogPosting\" itemprop=\"blogPost\"  >    <div role=\"tablist\" class=\"single_toggle\" data-tags=\"{Todo} \"  >        <p data-fake-id=\"#toggle-id-15\" class=\"toggler  hasCustomColor av-inherit-font-color \"  itemprop=\"headline\"  style='color: #000000; '  role=\"tab\" tabindex=\"0\" aria-controls=\"toggle-id-15-container\">Workshop 5 - 14:30 Uhr: \u201eIG-Jugend Malworkshop\u201c - max. 10 Pers.<span class=\"toggle_icon\" style='border-color:#000000;'>        <span class=\"vert_icon\"><\/span><span class=\"hor_icon\"><\/span><\/span><\/p>        <div id=\"toggle-id-15-container\" class=\"toggle_wrap \"  >            <div class=\"toggle_content invers-color  av-inherit-font-color \"  itemprop=\"text\"  style='color: #000000; ' ><p><img loading=\"lazy\" decoding=\"async\" class=\"wp-image-4643 size-medium alignleft\" src=\"https:\/\/www.migration-macht-gesellschaft.de\/wp-content\/uploads\/2023\/05\/Mal_Workshop_IG_Jugend-277x300.jpeg\" alt=\"\" width=\"277\" height=\"300\" srcset=\"https:\/\/www.migration-macht-gesellschaft.de\/wp-content\/uploads\/2023\/05\/Mal_Workshop_IG_Jugend-277x300.jpeg 277w, https:\/\/www.migration-macht-gesellschaft.de\/wp-content\/uploads\/2023\/05\/Mal_Workshop_IG_Jugend-950x1030.jpeg 950w, https:\/\/www.migration-macht-gesellschaft.de\/wp-content\/uploads\/2023\/05\/Mal_Workshop_IG_Jugend-768x832.jpeg 768w, https:\/\/www.migration-macht-gesellschaft.de\/wp-content\/uploads\/2023\/05\/Mal_Workshop_IG_Jugend-1384x1500.jpeg 1384w, https:\/\/www.migration-macht-gesellschaft.de\/wp-content\/uploads\/2023\/05\/Mal_Workshop_IG_Jugend-650x705.jpeg 650w, https:\/\/www.migration-macht-gesellschaft.de\/wp-content\/uploads\/2023\/05\/Mal_Workshop_IG_Jugend.jpeg 1395w\" sizes=\"auto, (max-width: 277px) 100vw, 277px\" \/><strong>IG- Jugend Malworkshop \u2013 Idenit\u00e4t<\/strong><br \/>\nWie k\u00f6nnen wir uns und unsere Ideen, Gef\u00fchle, Wahrnehmungen und Wahrheiten selbstbestimmt ausdr\u00fccken?<\/p>\n<p>Der Anspruch der IG-Jugend und somit auch dieses Workshops ist es kulturelle und demokratsche Teilhabe vor allem von strukturell marginalisierten Personen, sei es aufgrund von Rassismus, Klassismus, etero-\/Sexismus und\/oder Ableismus, zu f\u00f6rdern und ihnen einen Raum zu er\u00f6ffnen, in dem sie sie selbst sein und agieren k\u00f6nnen. Ein Mitglied der IG-Jugend und ein Vorstandsmitglied bzw. Jugendleiterin (Juleica) werden diesen Workshop gestalten und leiten: Franziska Schell (24 Jahre, Kunstp\u00e4dagogin &amp; Mediengestalterin) und Sinem Yilmaz (25 Jahre, B.A. und Master-Studenin P\u00e4dagogik).<\/p>\n<p>In diesem Malworkshop sollen Teilnehmende auf kreativem Wege lernen, dass in ihren k\u00fcnstlerischen F\u00e4higkeiten auch politische Bedeutung und Macht innewohnen, die sie mit eigener Reflektion und Praxis nach eigenem Willen ausrichten k\u00f6nnen. Zu diesem werden wir mit \u00dcbungen beginnen, die sich mit dem Thema Identit\u00e4t besch\u00e4ftigen und hierf\u00fcr kunstp\u00e4dagogische Methoden und Prompts miteinander vereinen und schlie\u00dflich mit einer Reflexions- und Diskussionsrunde das Workshop beenden.<\/p>\n<p data-pm-slice=\"1 1 &#091;&#093;\"><img loading=\"lazy\" decoding=\"async\" class=\"wp-image-4590 alignright\" src=\"https:\/\/www.migration-macht-gesellschaft.de\/wp-content\/uploads\/2023\/05\/ig-jugendlogo-neu-farbe.jpg\" alt=\"\" width=\"277\" height=\"107\" srcset=\"https:\/\/www.migration-macht-gesellschaft.de\/wp-content\/uploads\/2023\/05\/ig-jugendlogo-neu-farbe.jpg 1828w, https:\/\/www.migration-macht-gesellschaft.de\/wp-content\/uploads\/2023\/05\/ig-jugendlogo-neu-farbe-300x116.jpg 300w, https:\/\/www.migration-macht-gesellschaft.de\/wp-content\/uploads\/2023\/05\/ig-jugendlogo-neu-farbe-1030x399.jpg 1030w, https:\/\/www.migration-macht-gesellschaft.de\/wp-content\/uploads\/2023\/05\/ig-jugendlogo-neu-farbe-768x298.jpg 768w, https:\/\/www.migration-macht-gesellschaft.de\/wp-content\/uploads\/2023\/05\/ig-jugendlogo-neu-farbe-1536x596.jpg 1536w, https:\/\/www.migration-macht-gesellschaft.de\/wp-content\/uploads\/2023\/05\/ig-jugendlogo-neu-farbe-1500x582.jpg 1500w, https:\/\/www.migration-macht-gesellschaft.de\/wp-content\/uploads\/2023\/05\/ig-jugendlogo-neu-farbe-705x273.jpg 705w\" sizes=\"auto, (max-width: 277px) 100vw, 277px\" \/><\/p>\n            <\/div>        <\/div>    <\/div><\/section>\n<section class=\"av_toggle_section\"  itemscope=\"itemscope\" itemtype=\"https:\/\/schema.org\/BlogPosting\" itemprop=\"blogPost\"  >    <div role=\"tablist\" class=\"single_toggle\" data-tags=\"{Todo} \"  >        <p data-fake-id=\"#toggle-id-16\" class=\"toggler  hasCustomColor av-inherit-font-color \"  itemprop=\"headline\"  style='color: #000000; '  role=\"tab\" tabindex=\"0\" aria-controls=\"toggle-id-16-container\">Workshop 6 - ab 16:00 Uhr: Stencil Graffiti mit Shaya Navid &amp; Inox Ink (3 Std.) <span class=\"toggle_icon\" style='border-color:#000000;'>        <span class=\"vert_icon\"><\/span><span class=\"hor_icon\"><\/span><\/span><\/p>        <div id=\"toggle-id-16-container\" class=\"toggle_wrap \"  >            <div class=\"toggle_content invers-color  av-inherit-font-color \"  itemprop=\"text\"  style='color: #000000; ' ><p data-pm-slice=\"1 1 &#091;&#093;\"><strong>(Stencils-) Graffiti Workshop mit Shaya u. InoxInk<\/strong><\/p>\n<p data-pm-slice=\"1 1 &#091;&#093;\">In diesem Workshop mit Shaya Navid und InoxInk lernen die Teilnehmer*innen Graffiti als k\u00fcnstlerische Ausdrucksform kennen und entdecken, wie man die eigene Message in Schablonenform und hinterher mit Spr\u00fchdosen auf Pappen bringt. Vorkenntnisse sind nicht erforderlich.<\/p>\n<p data-pm-slice=\"1 1 &#091;&#093;\"><img loading=\"lazy\" decoding=\"async\" class=\"wp-image-4812 size-medium alignleft\" src=\"https:\/\/www.migration-macht-gesellschaft.de\/wp-content\/uploads\/2023\/05\/Shaya_Navid_q-300x300.jpg\" alt=\"\" width=\"300\" height=\"300\" srcset=\"https:\/\/www.migration-macht-gesellschaft.de\/wp-content\/uploads\/2023\/05\/Shaya_Navid_q-300x300.jpg 300w, https:\/\/www.migration-macht-gesellschaft.de\/wp-content\/uploads\/2023\/05\/Shaya_Navid_q-80x80.jpg 80w, https:\/\/www.migration-macht-gesellschaft.de\/wp-content\/uploads\/2023\/05\/Shaya_Navid_q-36x36.jpg 36w, https:\/\/www.migration-macht-gesellschaft.de\/wp-content\/uploads\/2023\/05\/Shaya_Navid_q-180x180.jpg 180w, https:\/\/www.migration-macht-gesellschaft.de\/wp-content\/uploads\/2023\/05\/Shaya_Navid_q.jpg 503w\" sizes=\"auto, (max-width: 300px) 100vw, 300px\" \/><\/p>\n<p data-pm-slice=\"1 1 &#091;&#093;\"><img loading=\"lazy\" decoding=\"async\" class=\"wp-image-4822 size-medium alignleft\" src=\"https:\/\/www.migration-macht-gesellschaft.de\/wp-content\/uploads\/2023\/05\/InoxInk_q-300x300.jpg\" alt=\"\" width=\"300\" height=\"300\" srcset=\"https:\/\/www.migration-macht-gesellschaft.de\/wp-content\/uploads\/2023\/05\/InoxInk_q-300x300.jpg 300w, https:\/\/www.migration-macht-gesellschaft.de\/wp-content\/uploads\/2023\/05\/InoxInk_q-1030x1030.jpg 1030w, https:\/\/www.migration-macht-gesellschaft.de\/wp-content\/uploads\/2023\/05\/InoxInk_q-80x80.jpg 80w, https:\/\/www.migration-macht-gesellschaft.de\/wp-content\/uploads\/2023\/05\/InoxInk_q-768x768.jpg 768w, https:\/\/www.migration-macht-gesellschaft.de\/wp-content\/uploads\/2023\/05\/InoxInk_q-36x36.jpg 36w, https:\/\/www.migration-macht-gesellschaft.de\/wp-content\/uploads\/2023\/05\/InoxInk_q-180x180.jpg 180w, https:\/\/www.migration-macht-gesellschaft.de\/wp-content\/uploads\/2023\/05\/InoxInk_q-705x705.jpg 705w, https:\/\/www.migration-macht-gesellschaft.de\/wp-content\/uploads\/2023\/05\/InoxInk_q.jpg 1423w\" sizes=\"auto, (max-width: 300px) 100vw, 300px\" \/><\/p>\n            <\/div>        <\/div>    <\/div><\/section>\n<section class=\"av_toggle_section\"  itemscope=\"itemscope\" itemtype=\"https:\/\/schema.org\/BlogPosting\" itemprop=\"blogPost\"  >    <div role=\"tablist\" class=\"single_toggle\" data-tags=\"{Todo} \"  >        <p data-fake-id=\"#toggle-id-17\" class=\"toggler  hasCustomColor av-inherit-font-color \"  itemprop=\"headline\"  style='color: #000000; '  role=\"tab\" tabindex=\"0\" aria-controls=\"toggle-id-17-container\">Workshop 7 - 14:30 Uhr: Selbstbehauptungs- und Selbstverteidigung f. Frauen ab 10 Jahren (15 Pers.)<span class=\"toggle_icon\" style='border-color:#000000;'>        <span class=\"vert_icon\"><\/span><span class=\"hor_icon\"><\/span><\/span><\/p>        <div id=\"toggle-id-17-container\" class=\"toggle_wrap \"  >            <div class=\"toggle_content invers-color  av-inherit-font-color \"  itemprop=\"text\"  style='color: #000000; ' ><p><img loading=\"lazy\" decoding=\"async\" class=\"wp-image-4614 alignleft\" src=\"https:\/\/www.migration-macht-gesellschaft.de\/wp-content\/uploads\/2023\/05\/WhatsApp_Image_2023-05-09_at_12.34.16.jpeg.jpg\" alt=\"\" width=\"380\" height=\"346\" \/><strong>Selbstbehauptungs- und Selbstverteidigungsworkshop<\/strong><\/p>\n<p><strong><em>\u201eJede Frau und jedes M\u00e4dchen kann sich wehren\u201c<\/em><\/strong><\/p>\n<p><strong>Angst l\u00e4hmt, Mut befreit!<\/strong><\/p>\n<p>In diesem Workshop kannst Du zusammen mit anderen M\u00e4dchen und Frauen lernen, wie Du Dich gegen Bel\u00e4stigung und Gewalt sch\u00fctzen und Dich zur Wehr setzen kannst.<\/p>\n<p>Wir werden in verschiedenen \u00dcbungen die Stimme und die K\u00f6rperhaltung \u201elautstark\u201c werden lassen. Au\u00dferdem kannst Du einfache, aber wirkungsvolle Verteidigungs- und Befreiungstechniken ausprobieren.<\/p>\n<p>Dieser Workshop ist f\u00fcr alle M\u00e4dchen\/Frauen ab 10 Jahren.<\/p>\n<p>Trainerin: Patrizia Matten<\/p>\n            <\/div>        <\/div>    <\/div><\/section>\n<section class=\"av_toggle_section\"  itemscope=\"itemscope\" itemtype=\"https:\/\/schema.org\/BlogPosting\" itemprop=\"blogPost\"  >    <div role=\"tablist\" class=\"single_toggle\" data-tags=\"{Todo} \"  >        <p data-fake-id=\"#toggle-id-18\" class=\"toggler  hasCustomColor av-inherit-font-color \"  itemprop=\"headline\"  style='color: #000000; '  role=\"tab\" tabindex=\"0\" aria-controls=\"toggle-id-18-container\">Workshop 8 - 15:30 Uhr: Selbstbehauptungs- und Selbstverteidigung f. Frauen ab 10 Jahren (15 Pers.)<span class=\"toggle_icon\" style='border-color:#000000;'>        <span class=\"vert_icon\"><\/span><span class=\"hor_icon\"><\/span><\/span><\/p>        <div id=\"toggle-id-18-container\" class=\"toggle_wrap \"  >            <div class=\"toggle_content invers-color  av-inherit-font-color \"  itemprop=\"text\"  style='color: #000000; ' ><p><img loading=\"lazy\" decoding=\"async\" class=\"wp-image-4602 alignleft\" src=\"https:\/\/www.migration-macht-gesellschaft.de\/wp-content\/uploads\/2023\/05\/Selbsbehauptskurs.jpg\" alt=\"\" width=\"235\" height=\"321\" \/><\/p>\n<p><strong>Selbstbehauptungs- und Selbstverteidigungsworkshop II<br \/>\n<\/strong><\/p>\n<p><strong><em>\u201eJede Frau und jedes M\u00e4dchen kann sich wehren\u201c<\/em><\/strong><\/p>\n<p><strong>Angst l\u00e4hmt, Mut befreit!<\/strong><\/p>\n<p>In diesem Workshop kannst Du zusammen mit anderen M\u00e4dchen und Frauen lernen, wie Du Dich gegen Bel\u00e4stigung und Gewalt sch\u00fctzen und Dich zur Wehr setzen kannst.<\/p>\n<p>Wir werden in verschiedenen \u00dcbungen die Stimme und die K\u00f6rperhaltung \u201elautstark\u201c werden lassen. Au\u00dferdem kannst Du einfache, aber wirkungsvolle Verteidigungs- und Befreiungstechniken ausprobieren.<\/p>\n<p>Dieser Workshop ist f\u00fcr alle M\u00e4dchen\/Frauen ab 10 Jahren.<\/p>\n<p>Trainerin: Patrizia Matten<\/p>\n            <\/div>        <\/div>    <\/div><\/section>\n<section class=\"av_toggle_section\"  itemscope=\"itemscope\" itemtype=\"https:\/\/schema.org\/BlogPosting\" itemprop=\"blogPost\"  >    <div role=\"tablist\" class=\"single_toggle\" data-tags=\"{Todo} \"  >        <p data-fake-id=\"#toggle-id-19\" class=\"toggler  hasCustomColor av-inherit-font-color \"  itemprop=\"headline\"  style='color: #000000; '  role=\"tab\" tabindex=\"0\" aria-controls=\"toggle-id-19-container\">Workshop 9 - 14:30 Uhr: UmdieWELT + (Ausstellung) - max. 8 Pers.<span class=\"toggle_icon\" style='border-color:#000000;'>        <span class=\"vert_icon\"><\/span><span class=\"hor_icon\"><\/span><\/span><\/p>        <div id=\"toggle-id-19-container\" class=\"toggle_wrap \"  >            <div class=\"toggle_content invers-color  av-inherit-font-color \"  itemprop=\"text\"  style='color: #000000; ' ><p><img loading=\"lazy\" decoding=\"async\" class=\"wp-image-4584 alignleft\" src=\"https:\/\/www.migration-macht-gesellschaft.de\/wp-content\/uploads\/2023\/05\/UmDiWelt-scaled.jpg\" alt=\"\" width=\"467\" height=\"239\" \/><\/p>\n<p><strong>MIKADO UMdieWELT<\/strong><\/p>\n<p>Empowerment trifft auf Bildung f\u00fcr nachhaltige Entwicklung.<\/p>\n<p>Audio- Visuelle Ausstellung \u201eUMdieWELT\u201c \u2013 24.06.2023 WFT<\/p>\n<p>Intersektionalit\u00e4t in der Klimagerechtigkeit bedeutet, \u00fcber Hierarchien und die Verteilung von Macht, \u00fcber Diskriminierung, Rassismus und Sexismus zu sprechen. In einer vielf\u00e4ltigen Stadtgesellschaft ist es wichtig, mehr zuzuh\u00f6ren und migrantischen und queer-feministischen Perspektiven Raum in der Debatte zu geben.<\/p>\n<p>In den letzten drei Jahren hat sich die Mikado UMdieWELT dieser Aufgabe angenommen. Mit verschiedenen Methoden und Kooperationsprojekten, die sich mit dem Thema Klimagerechtigkeit befassen, gestalten junge Menschen die Debatte mit und bekommen eine Stimme zum Thema Klimagerechtigkeit. Im R\u00fcckblick auf die \u201eArt_works\u201c, die dabei entstanden sind, wird diese Ausstellung erneut die Fragen stellen und den Jugendlichen eine Stimme geben;<\/p>\n<p>Was besch\u00e4ftigt sie? Welche Erfahrungen haben sie gemacht? Was k\u00f6nnen wir von ihnen lernen?<\/p>\n<p>Es ist h\u00f6chste Zeit, sie an der Debatte zu beteiligen und ihnen zuzuh\u00f6ren.<\/p>\n<p>Die Ausstellung \u00abUMdieWELT\u00bb dient daher auch als Ort der Information, der Debatte, des Denkens und des Engagements.<\/p>\n<p>Der Klimawandel geht uns alle an.<\/p>\n<p>Und nur mit uns ALLEN kann der Wandel gelingen!<\/p>\n<p>Eine bessere Welt ist m\u00f6glich!<\/p>\n            <\/div>        <\/div>    <\/div><\/section>\n<section class=\"av_toggle_section\"  itemscope=\"itemscope\" itemtype=\"https:\/\/schema.org\/BlogPosting\" itemprop=\"blogPost\"  >    <div role=\"tablist\" class=\"single_toggle\" data-tags=\"{Todo} \"  >        <p data-fake-id=\"#toggle-id-20\" class=\"toggler  hasCustomColor av-inherit-font-color \"  itemprop=\"headline\"  style='color: #000000; '  role=\"tab\" tabindex=\"0\" aria-controls=\"toggle-id-20-container\">Workshop 10 - 14:30 Uhr: Puppentheater Workshop (1,0 Std.) + Auff\u00fchrung<span class=\"toggle_icon\" style='border-color:#000000;'>        <span class=\"vert_icon\"><\/span><span class=\"hor_icon\"><\/span><\/span><\/p>        <div id=\"toggle-id-20-container\" class=\"toggle_wrap \"  >            <div class=\"toggle_content invers-color  av-inherit-font-color \"  itemprop=\"text\"  style='color: #000000; ' ><p><img loading=\"lazy\" decoding=\"async\" class=\"wp-image-4637 alignleft\" src=\"https:\/\/www.migration-macht-gesellschaft.de\/wp-content\/uploads\/2023\/05\/Puppenspiel_workshop.jpg\" alt=\"\" width=\"275\" height=\"329\" \/><\/p>\n<p>Diversity-Puppenspiel Workshop<\/p>\n<p>14.30 \u2013 16.00Uhr: \u201eDas Lied der bunten V\u00f6gel\u201c: Diversity-Puppentheater mit Musik<\/p>\n<p>Vorhang auf f\u00fcr die Diversity-Handpuppen! IG-Kolleg*innen pr\u00e4sentieren Ihnen in Kooperation mit dem Projekt kikula die Musik-Geschichte \u201eDas Lied der bunten V\u00f6gel\u201c von Kobna Anan.<\/p>\n<p>Wer sich f\u00fcr das Diversity-Puppenspiel und seine musikalische Begleitung (Live-Musik) interessiert, der kann am Workshop von 14.30h bis 15.30h teilnehmen. Der Eintritt ist frei und es kann jeder Mensch im Alter von 10 bis 100 Jahren teilnehmen.<\/p>\n            <\/div>        <\/div>    <\/div><\/section>\n<section class=\"av_toggle_section\"  itemscope=\"itemscope\" itemtype=\"https:\/\/schema.org\/BlogPosting\" itemprop=\"blogPost\"  >    <div role=\"tablist\" class=\"single_toggle\" data-tags=\"{Todo} \"  >        <p data-fake-id=\"#toggle-id-21\" class=\"toggler  hasCustomColor av-inherit-font-color \"  itemprop=\"headline\"  style='color: #000000; '  role=\"tab\" tabindex=\"0\" aria-controls=\"toggle-id-21-container\">Workshop 11 - ab 16:00 Uhr: Kinderprogramm Iz.Art)\/SPIELkultur e.V.Toggle Title<span class=\"toggle_icon\" style='border-color:#000000;'>        <span class=\"vert_icon\"><\/span><span class=\"hor_icon\"><\/span><\/span><\/p>        <div id=\"toggle-id-21-container\" class=\"toggle_wrap \"  >            <div class=\"toggle_content invers-color  av-inherit-font-color \"  itemprop=\"text\"  style='color: #000000; ' ><p><img loading=\"lazy\" decoding=\"async\" class=\"wp-image-4935 alignleft\" src=\"https:\/\/www.migration-macht-gesellschaft.de\/wp-content\/uploads\/2023\/05\/iz_art_1-scaled.jpg\" alt=\"\" width=\"354\" height=\"339\" \/><\/p>\n<p>Freies k\u00fcnstlerisches Gestalten und Ausprobieren auf gro\u00dfem Format. Kreative Prozesse werden gef\u00f6rdert und neue Maltechniken erforscht. Kinder und Jugendliche treten in ein farbenfrohes Erlebnis mit sich selbst und anderen.<\/p>\n<p>Dieser Prozess wird begleitet von professionellen K\u00fcnstler*innen und Kunstp\u00e4dagog*innen.<\/p>\n            <\/div>        <\/div>    <\/div><\/section>\n<\/div>\n","protected":false},"excerpt":{"rendered":"","protected":false},"author":3,"featured_media":4391,"comment_status":"closed","ping_status":"closed","sticky":false,"template":"","format":"standard","meta":{"footnotes":""},"categories":[8,22],"tags":[],"class_list":["post-4404","post","type-post","status-publish","format-standard","has-post-thumbnail","hentry","category-sin-categorizar","category-veranstaltungen-es"],"_links":{"self":[{"href":"https:\/\/www.migration-macht-gesellschaft.de\/es\/wp-json\/wp\/v2\/posts\/4404","targetHints":{"allow":["GET"]}}],"collection":[{"href":"https:\/\/www.migration-macht-gesellschaft.de\/es\/wp-json\/wp\/v2\/posts"}],"about":[{"href":"https:\/\/www.migration-macht-gesellschaft.de\/es\/wp-json\/wp\/v2\/types\/post"}],"author":[{"embeddable":true,"href":"https:\/\/www.migration-macht-gesellschaft.de\/es\/wp-json\/wp\/v2\/users\/3"}],"replies":[{"embeddable":true,"href":"https:\/\/www.migration-macht-gesellschaft.de\/es\/wp-json\/wp\/v2\/comments?post=4404"}],"version-history":[{"count":8,"href":"https:\/\/www.migration-macht-gesellschaft.de\/es\/wp-json\/wp\/v2\/posts\/4404\/revisions"}],"predecessor-version":[{"id":4407,"href":"https:\/\/www.migration-macht-gesellschaft.de\/es\/wp-json\/wp\/v2\/posts\/4404\/revisions\/4407"}],"wp:featuredmedia":[{"embeddable":true,"href":"https:\/\/www.migration-macht-gesellschaft.de\/es\/wp-json\/wp\/v2\/media\/4391"}],"wp:attachment":[{"href":"https:\/\/www.migration-macht-gesellschaft.de\/es\/wp-json\/wp\/v2\/media?parent=4404"}],"wp:term":[{"taxonomy":"category","embeddable":true,"href":"https:\/\/www.migration-macht-gesellschaft.de\/es\/wp-json\/wp\/v2\/categories?post=4404"},{"taxonomy":"post_tag","embeddable":true,"href":"https:\/\/www.migration-macht-gesellschaft.de\/es\/wp-json\/wp\/v2\/tags?post=4404"}],"curies":[{"name":"wp","href":"https:\/\/api.w.org\/{rel}","templated":true}]}}