{"id":4967,"date":"2023-06-20T17:30:41","date_gmt":"2023-06-20T15:30:41","guid":{"rendered":"https:\/\/www.migration-macht-gesellschaft.de\/?p=4967"},"modified":"2023-06-20T17:30:41","modified_gmt":"2023-06-20T15:30:41","slug":"fotografie-und-fotobearbeitung-mit-dem-smartphone-zweitaegiger-workshop","status":"publish","type":"post","link":"https:\/\/www.migration-macht-gesellschaft.de\/es\/fotografie-und-fotobearbeitung-mit-dem-smartphone-zweitaegiger-workshop\/","title":{"rendered":"Fotografie und Fotobearbeitung mit dem Smartphone: Zweit\u00e4giger Workshop"},"content":{"rendered":"<div class=\"entry-content\">\n<p><strong>Workshop &#8211; Smartphone-Fotografie und Fotobearbeitung<\/strong><\/p>\n<p><strong>Wann:<\/strong> 22. &amp;23. Juli 2023, jeweils 10:00 bis 18:00 Uhr<\/p>\n<p><strong>Wo: <\/strong>Eine Welt Haus Schwanthalerstr. 80, 80336 M\u00fcnchen<\/p>\n<p><strong>Wer:<\/strong> Personen ab 16 Jahren mit- und ohne internationaler Familiengeschichte, Teilnehmer*innenzahl begrenzt<\/p>\n<p>Lerne professionelles Fotografieren und einfache Fotobearbeitung mit dem Smartphone. Wie bringen wir soziale Missst\u00e4nde k\u00fcnstlerisch auf die Leinwand? K\u00f6nnen wir uns \u00fcber Portraitfotos unserer eigenen Identit\u00e4t n\u00e4hern?<br \/>\nEntdecke dein fotografisches Talent und bringe deine F\u00e4higkeiten auf ein neues Level \u2013 sei dabei und lass dich von unserem Experten in die Welt der mobilen Fotografie entf\u00fchren.<br \/>\nWorkshopleiter ist Erol Gurian. Erol ist Fotograf mit internationaler Erfahrung. Seine Werke landeten bereits im STERN oder im TIME Magazin. Mit seinen Workshops und Projekten reist er um die ganze Welt. Der Workshop endet sonntags mit einer multimedialen Ausstellung. Teilnahme m\u00f6glich auch mit geringen Deutschkenntnissen.<\/p>\n<p>Die Teilnahme ist <em>kostenfrei<\/em>.<\/p>\n<p><strong>Workshop-Referent:<\/strong><\/p>\n<ul>\n<li>Erol Gurrian (Fotograf und Fotojournalist)<\/li>\n<\/ul>\n<p><strong>Kontaktperson:<\/strong><\/p>\n<p>Silas Meyer<\/p>\n<p><a href=\"mailto:s.meyer@migration-macht-gesellschaft.de\">s.meyer@migration-macht-gesellschaft.de<\/a><br \/>\ntel.: +49 (0) 17684940060<\/p>\n<p>&nbsp;<\/p>\n<p><strong>Anmeldung <\/strong>unter <a href=\"https:\/\/forms.gle\/cSpZQsDxfBfW2qbY8\">https:\/\/forms.gle\/cSpZQsDxfBfW2qbY8<\/a><\/p>\n<p><img loading=\"lazy\" decoding=\"async\" class=\"alignnone size-full wp-image-3141\" src=\"https:\/\/www.migration-macht-gesellschaft.de\/wp-content\/uploads\/2022\/10\/mmdm_01.jpg\" sizes=\"auto, (max-width: 240px) 100vw, 240px\" srcset=\"https:\/\/www.migration-macht-gesellschaft.de\/wp-content\/uploads\/2022\/10\/mmdm_01.jpg 240w, https:\/\/www.migration-macht-gesellschaft.de\/wp-content\/uploads\/2022\/10\/mmdm_01-80x80.jpg 80w, https:\/\/www.migration-macht-gesellschaft.de\/wp-content\/uploads\/2022\/10\/mmdm_01-36x36.jpg 36w, https:\/\/www.migration-macht-gesellschaft.de\/wp-content\/uploads\/2022\/10\/mmdm_01-180x180.jpg 180w\" alt=\"\" width=\"240\" height=\"240\" \/><\/p>\n<\/div>\n","protected":false},"excerpt":{"rendered":"<p>Workshop &#8211; Smartphone-Fotografie und Fotobearbeitung Wann: 22. &amp;23. Juli 2023, jeweils 10:00 bis 18:00 Uhr Wo: Eine Welt Haus Schwanthalerstr. 80, 80336 M\u00fcnchen Wer: Personen ab 16 Jahren mit- und ohne internationaler Familiengeschichte, Teilnehmer*innenzahl begrenzt Lerne professionelles Fotografieren und einfache Fotobearbeitung mit dem Smartphone. Wie bringen wir soziale Missst\u00e4nde k\u00fcnstlerisch auf die Leinwand? K\u00f6nnen wir [&hellip;]<\/p>\n","protected":false},"author":2,"featured_media":4952,"comment_status":"closed","ping_status":"closed","sticky":false,"template":"","format":"standard","meta":{"footnotes":""},"categories":[8,22],"tags":[],"class_list":["post-4967","post","type-post","status-publish","format-standard","has-post-thumbnail","hentry","category-sin-categorizar","category-veranstaltungen-es"],"_links":{"self":[{"href":"https:\/\/www.migration-macht-gesellschaft.de\/es\/wp-json\/wp\/v2\/posts\/4967","targetHints":{"allow":["GET"]}}],"collection":[{"href":"https:\/\/www.migration-macht-gesellschaft.de\/es\/wp-json\/wp\/v2\/posts"}],"about":[{"href":"https:\/\/www.migration-macht-gesellschaft.de\/es\/wp-json\/wp\/v2\/types\/post"}],"author":[{"embeddable":true,"href":"https:\/\/www.migration-macht-gesellschaft.de\/es\/wp-json\/wp\/v2\/users\/2"}],"replies":[{"embeddable":true,"href":"https:\/\/www.migration-macht-gesellschaft.de\/es\/wp-json\/wp\/v2\/comments?post=4967"}],"version-history":[{"count":3,"href":"https:\/\/www.migration-macht-gesellschaft.de\/es\/wp-json\/wp\/v2\/posts\/4967\/revisions"}],"predecessor-version":[{"id":4970,"href":"https:\/\/www.migration-macht-gesellschaft.de\/es\/wp-json\/wp\/v2\/posts\/4967\/revisions\/4970"}],"wp:featuredmedia":[{"embeddable":true,"href":"https:\/\/www.migration-macht-gesellschaft.de\/es\/wp-json\/wp\/v2\/media\/4952"}],"wp:attachment":[{"href":"https:\/\/www.migration-macht-gesellschaft.de\/es\/wp-json\/wp\/v2\/media?parent=4967"}],"wp:term":[{"taxonomy":"category","embeddable":true,"href":"https:\/\/www.migration-macht-gesellschaft.de\/es\/wp-json\/wp\/v2\/categories?post=4967"},{"taxonomy":"post_tag","embeddable":true,"href":"https:\/\/www.migration-macht-gesellschaft.de\/es\/wp-json\/wp\/v2\/tags?post=4967"}],"curies":[{"name":"wp","href":"https:\/\/api.w.org\/{rel}","templated":true}]}}