{"id":2006,"date":"2022-07-13T13:16:10","date_gmt":"2022-07-13T11:16:10","guid":{"rendered":"https:\/\/www.migration-macht-gesellschaft.de\/?p=2006"},"modified":"2022-07-14T11:19:56","modified_gmt":"2022-07-14T09:19:56","slug":"40-jahre-rechtshilfe-muenchen-e-v","status":"publish","type":"post","link":"https:\/\/www.migration-macht-gesellschaft.de\/tr\/40-jahre-rechtshilfe-muenchen-e-v\/","title":{"rendered":"40 Jahre Rechtshilfe M\u00fcnchen e.V."},"content":{"rendered":"<h1>40 Jahre Rechtshilfe M\u00fcnchen e.V.<\/h1>\n<p>Am 22. Juli 2022 begeht die Rechtshilfe e.V. ihr vierzigj\u00e4hriges Bestehen mit einem Festakt im Eine-Welt-Haus. Einerseits ist dieses Datum ein Grund zu feiern &#8211; dank des unerm\u00fcdlichen Engagements zahlreicher ehrenamtlich t\u00e4tiger Anw\u00e4lt*innen, Beisitzer*innen und Organisator*innen konnten j\u00e4hrlich ca. 1.200 gefl\u00fcchtete Personen fachkompetent bei Fragen rund um Asyl, Aufenthalt, Familiennachzug etc. unterst\u00fctzt werden. Andererseits stimmt dieses Jubil\u00e4um auch nachdenklich: die rechtliche und Lebenssituation von Gefl\u00fcchteten in Deutschland ist nach wie vor hochproblematisch, einzelnen Verbesserungen in den letzten Jahrzehnten stehen deutliche Verschlechterungen gegen\u00fcber. Die Veranstaltung am 22. Juli 2022 zeichnet die bewegte Geschichte des Vereins nach und wagt einen Blick in die Zukunft.<\/p>\n<p>Ein Grund zu feiern &#8211; aber auch ein Grund, um an dieser Stelle in den n\u00e4chsten Wochen mit einigen Betr\u00e4gen (s. hier unten, im Facebook und Instagram) wiederholt die dringendsten Probleme aufzuzeigen&#8230;<\/p>\n<p><img loading=\"lazy\" decoding=\"async\" class=\"alignnone wp-image-1958\" src=\"https:\/\/www.migration-macht-gesellschaft.de\/wp-content\/uploads\/2022\/05\/40J_RH_01_Titel-e1651576334203.png\" alt=\"\" width=\"350\" height=\"350\" srcset=\"https:\/\/www.migration-macht-gesellschaft.de\/wp-content\/uploads\/2022\/05\/40J_RH_01_Titel-e1651576334203.png 1080w, https:\/\/www.migration-macht-gesellschaft.de\/wp-content\/uploads\/2022\/05\/40J_RH_01_Titel-e1651576334203-300x300.png 300w, https:\/\/www.migration-macht-gesellschaft.de\/wp-content\/uploads\/2022\/05\/40J_RH_01_Titel-e1651576334203-1030x1030.png 1030w, https:\/\/www.migration-macht-gesellschaft.de\/wp-content\/uploads\/2022\/05\/40J_RH_01_Titel-e1651576334203-80x80.png 80w, https:\/\/www.migration-macht-gesellschaft.de\/wp-content\/uploads\/2022\/05\/40J_RH_01_Titel-e1651576334203-768x768.png 768w, https:\/\/www.migration-macht-gesellschaft.de\/wp-content\/uploads\/2022\/05\/40J_RH_01_Titel-e1651576334203-36x36.png 36w, https:\/\/www.migration-macht-gesellschaft.de\/wp-content\/uploads\/2022\/05\/40J_RH_01_Titel-e1651576334203-180x180.png 180w, https:\/\/www.migration-macht-gesellschaft.de\/wp-content\/uploads\/2022\/05\/40J_RH_01_Titel-e1651576334203-705x705.png 705w\" sizes=\"auto, (max-width: 350px) 100vw, 350px\" \/> <img loading=\"lazy\" decoding=\"async\" class=\"alignnone wp-image-2229\" src=\"https:\/\/www.migration-macht-gesellschaft.de\/wp-content\/uploads\/2022\/05\/40J_RH_01_Text.jpg\" alt=\"\" width=\"350\" height=\"350\" srcset=\"https:\/\/www.migration-macht-gesellschaft.de\/wp-content\/uploads\/2022\/05\/40J_RH_01_Text.jpg 1080w, https:\/\/www.migration-macht-gesellschaft.de\/wp-content\/uploads\/2022\/05\/40J_RH_01_Text-300x300.jpg 300w, https:\/\/www.migration-macht-gesellschaft.de\/wp-content\/uploads\/2022\/05\/40J_RH_01_Text-1030x1030.jpg 1030w, https:\/\/www.migration-macht-gesellschaft.de\/wp-content\/uploads\/2022\/05\/40J_RH_01_Text-80x80.jpg 80w, https:\/\/www.migration-macht-gesellschaft.de\/wp-content\/uploads\/2022\/05\/40J_RH_01_Text-768x768.jpg 768w, https:\/\/www.migration-macht-gesellschaft.de\/wp-content\/uploads\/2022\/05\/40J_RH_01_Text-36x36.jpg 36w, https:\/\/www.migration-macht-gesellschaft.de\/wp-content\/uploads\/2022\/05\/40J_RH_01_Text-180x180.jpg 180w, https:\/\/www.migration-macht-gesellschaft.de\/wp-content\/uploads\/2022\/05\/40J_RH_01_Text-705x705.jpg 705w\" sizes=\"auto, (max-width: 350px) 100vw, 350px\" \/><\/p>\n<hr \/>\n<h4><a href=\"https:\/\/www.migration-macht-gesellschaft.de\/anlaufstellen\/lesenswertes\/\"><span style=\"text-decoration: underline;\"><span style=\"color: #000000;\"><em>Beitrag<\/em><strong><em> 1 : Noch viel zu wenig bekannt: Was sind AnkERZentren?<\/em><\/strong><\/span><\/span><\/a><\/h4>\n","protected":false},"excerpt":{"rendered":"<p>40 Jahre Rechtshilfe M\u00fcnchen e.V. Am 22. Juli 2022 begeht die Rechtshilfe e.V. ihr vierzigj\u00e4hriges Bestehen mit einem Festakt im Eine-Welt-Haus. Einerseits ist dieses Datum ein Grund zu feiern &#8211; dank des unerm\u00fcdlichen Engagements zahlreicher ehrenamtlich t\u00e4tiger Anw\u00e4lt*innen, Beisitzer*innen und Organisator*innen konnten j\u00e4hrlich ca. 1.200 gefl\u00fcchtete Personen fachkompetent bei Fragen rund um Asyl, Aufenthalt, Familiennachzug [&hellip;]<\/p>\n","protected":false},"author":3,"featured_media":1962,"comment_status":"closed","ping_status":"closed","sticky":false,"template":"","format":"standard","meta":{"footnotes":""},"categories":[9,23],"tags":[],"class_list":["post-2006","post","type-post","status-publish","format-standard","has-post-thumbnail","hentry","category-uncategorized-tr","category-veranstaltungen-tr"],"_links":{"self":[{"href":"https:\/\/www.migration-macht-gesellschaft.de\/tr\/wp-json\/wp\/v2\/posts\/2006","targetHints":{"allow":["GET"]}}],"collection":[{"href":"https:\/\/www.migration-macht-gesellschaft.de\/tr\/wp-json\/wp\/v2\/posts"}],"about":[{"href":"https:\/\/www.migration-macht-gesellschaft.de\/tr\/wp-json\/wp\/v2\/types\/post"}],"author":[{"embeddable":true,"href":"https:\/\/www.migration-macht-gesellschaft.de\/tr\/wp-json\/wp\/v2\/users\/3"}],"replies":[{"embeddable":true,"href":"https:\/\/www.migration-macht-gesellschaft.de\/tr\/wp-json\/wp\/v2\/comments?post=2006"}],"version-history":[{"count":5,"href":"https:\/\/www.migration-macht-gesellschaft.de\/tr\/wp-json\/wp\/v2\/posts\/2006\/revisions"}],"predecessor-version":[{"id":2640,"href":"https:\/\/www.migration-macht-gesellschaft.de\/tr\/wp-json\/wp\/v2\/posts\/2006\/revisions\/2640"}],"wp:featuredmedia":[{"embeddable":true,"href":"https:\/\/www.migration-macht-gesellschaft.de\/tr\/wp-json\/wp\/v2\/media\/1962"}],"wp:attachment":[{"href":"https:\/\/www.migration-macht-gesellschaft.de\/tr\/wp-json\/wp\/v2\/media?parent=2006"}],"wp:term":[{"taxonomy":"category","embeddable":true,"href":"https:\/\/www.migration-macht-gesellschaft.de\/tr\/wp-json\/wp\/v2\/categories?post=2006"},{"taxonomy":"post_tag","embeddable":true,"href":"https:\/\/www.migration-macht-gesellschaft.de\/tr\/wp-json\/wp\/v2\/tags?post=2006"}],"curies":[{"name":"wp","href":"https:\/\/api.w.org\/{rel}","templated":true}]}}