{"id":2317,"date":"2022-05-23T12:55:40","date_gmt":"2022-05-23T10:55:40","guid":{"rendered":"https:\/\/www.migration-macht-gesellschaft.de\/?p=2317"},"modified":"2022-05-23T12:55:40","modified_gmt":"2022-05-23T10:55:40","slug":"noch-viel-zu-wenig-bekannt-was-sind-ankerzentren","status":"publish","type":"post","link":"https:\/\/www.migration-macht-gesellschaft.de\/tr\/noch-viel-zu-wenig-bekannt-was-sind-ankerzentren\/","title":{"rendered":"Noch viel zu wenig bekannt: Was sind AnkERZentren?"},"content":{"rendered":"<p>Beitrag 1:<\/p>\n<p>&nbsp;<\/p>\n<p>40 Jahre Rechtshilfe M\u00fcnchen<\/p>\n<p>&nbsp;<\/p>\n<p><strong>Noch viel zu wenig bekannt: Was sind AnkERZentren?<\/strong><\/p>\n<ul>\n<li>Es sind von Mauern und Stacheldraht umgebene Lager, in denen Schutzsuchende Asylbewerber*innen kaserniert und von der Bev\u00f6lkerung isoliert werden. Die Menschen bekommen weitgehend nur Sachleistungen und es besteht Arbeitsverbot f\u00fcr 9 Monaten.<\/li>\n<li>Ihr Name steht f\u00fcr \u201eZentrum f\u00fcr <u>Ank<\/u>unft, <u>E<\/u>ntscheidung, <u>R<\/u>\u00fcckf\u00fchrung\u201c (AnkER) und wurde im Koalitionsvertrag der Gro\u00dfen Koalition 2018 festgehalten.<\/li>\n<li>Die ersten sieben Ankerzentren wurden danach sofort in Bayern errichtet.<\/li>\n<li>Die Asylbewerber*innen m\u00fcssen bis zu ihrer Abschiebung (\u201efreiwillige R\u00fcckkehr\u201c) in diesen Lagern bleiben. Das kann bis zu zwei Jahren dauern.<\/li>\n<li>Eine Integrationsarbeit findet nicht statt, viele der traumatisierten Gefl\u00fcchteten werden re-traumatisiert.<\/li>\n<li>Die Zimmer sind i.d.R. nicht abschlie\u00dfbar, es finden sexuelle \u00dcbergriffe statt<\/li>\n<li>W\u00e4hrend der Hochphase der Corona Pandemie waren viele Zentren im permanenten Lockdown, was die Stimmung oft zum Explodieren brachte.<\/li>\n<li>Im Koalitionsvertrag von 2021 wurde angek\u00fcndigt, das Konzept nicht weiterzuverfolgen. Bayern h\u00e4lt bislang am Konzept fest.<\/li>\n<\/ul>\n<p><em>Die Rechtshilfe M\u00fcnchen unterst\u00fctzt Menschen in den Ankerzentren f\u00fcr eine menschlichere Unterbringung!<\/em><\/p>\n<p><strong><em>Wir fordern die sofortige Aufl\u00f6sung der AnkERzentren und eine menschenw\u00fcrdige Unterbringung der Asylbewerber*innen, in denen Trauma-Betreuung und Inklusionsarbeit Priorit\u00e4t hat!<\/em><\/strong><\/p>\n","protected":false},"excerpt":{"rendered":"<p>Beitrag 1: &nbsp; 40 Jahre Rechtshilfe M\u00fcnchen &nbsp; Noch viel zu wenig bekannt: Was sind AnkERZentren? Es sind von Mauern und Stacheldraht umgebene Lager, in denen Schutzsuchende Asylbewerber*innen kaserniert und von der Bev\u00f6lkerung isoliert werden. Die Menschen bekommen weitgehend nur Sachleistungen und es besteht Arbeitsverbot f\u00fcr 9 Monaten. Ihr Name steht f\u00fcr \u201eZentrum f\u00fcr Ankunft, [&hellip;]<\/p>\n","protected":false},"author":3,"featured_media":2144,"comment_status":"closed","ping_status":"closed","sticky":false,"template":"","format":"standard","meta":{"footnotes":""},"categories":[25],"tags":[],"class_list":["post-2317","post","type-post","status-publish","format-standard","has-post-thumbnail","hentry","category-lesenswertes-tr"],"_links":{"self":[{"href":"https:\/\/www.migration-macht-gesellschaft.de\/tr\/wp-json\/wp\/v2\/posts\/2317","targetHints":{"allow":["GET"]}}],"collection":[{"href":"https:\/\/www.migration-macht-gesellschaft.de\/tr\/wp-json\/wp\/v2\/posts"}],"about":[{"href":"https:\/\/www.migration-macht-gesellschaft.de\/tr\/wp-json\/wp\/v2\/types\/post"}],"author":[{"embeddable":true,"href":"https:\/\/www.migration-macht-gesellschaft.de\/tr\/wp-json\/wp\/v2\/users\/3"}],"replies":[{"embeddable":true,"href":"https:\/\/www.migration-macht-gesellschaft.de\/tr\/wp-json\/wp\/v2\/comments?post=2317"}],"version-history":[{"count":3,"href":"https:\/\/www.migration-macht-gesellschaft.de\/tr\/wp-json\/wp\/v2\/posts\/2317\/revisions"}],"predecessor-version":[{"id":2320,"href":"https:\/\/www.migration-macht-gesellschaft.de\/tr\/wp-json\/wp\/v2\/posts\/2317\/revisions\/2320"}],"wp:featuredmedia":[{"embeddable":true,"href":"https:\/\/www.migration-macht-gesellschaft.de\/tr\/wp-json\/wp\/v2\/media\/2144"}],"wp:attachment":[{"href":"https:\/\/www.migration-macht-gesellschaft.de\/tr\/wp-json\/wp\/v2\/media?parent=2317"}],"wp:term":[{"taxonomy":"category","embeddable":true,"href":"https:\/\/www.migration-macht-gesellschaft.de\/tr\/wp-json\/wp\/v2\/categories?post=2317"},{"taxonomy":"post_tag","embeddable":true,"href":"https:\/\/www.migration-macht-gesellschaft.de\/tr\/wp-json\/wp\/v2\/tags?post=2317"}],"curies":[{"name":"wp","href":"https:\/\/api.w.org\/{rel}","templated":true}]}}