{"id":9408,"date":"2024-10-23T07:22:59","date_gmt":"2024-10-23T05:22:59","guid":{"rendered":"https:\/\/www.migration-macht-gesellschaft.de\/?p=9408"},"modified":"2024-11-14T17:18:45","modified_gmt":"2024-11-14T16:18:45","slug":"war-and-justice-filmvorfuehrung-und-gespraech-mit-dem-regisseur-marcus-vetter-und-rechtsanwaeltin-silke-studzinsky","status":"publish","type":"post","link":"https:\/\/www.migration-macht-gesellschaft.de\/tr\/war-and-justice-filmvorfuehrung-und-gespraech-mit-dem-regisseur-marcus-vetter-und-rechtsanwaeltin-silke-studzinsky\/","title":{"rendered":"War and Justice \u2013 Filmvorf\u00fchrung und Gespr\u00e4ch mit dem Regisseur Marcus Vetter und Rechtsanw\u00e4ltin Silke Studzinsky"},"content":{"rendered":"<h1>War and Justice &#8211; Filmvorf\u00fchrung und Gespr\u00e4ch<\/h1>\n<p>mit <em><strong>Regisseur Marcus Vetter<\/strong><\/em> und <em><strong>Rechtsanw\u00e4ltin Silke Studzinsky<\/strong><\/em><\/p>\n<h4>Mittwoch, 13.11.2024 um 19.00 Uhr ; Eintritt frei<\/h4>\n<p>Die Vereinigung demokratischer Juristinnen und Juristen e.V., Migration macht Gesellschaft e. V. und das NordS\u00fcdForum M\u00fcnchen e. V.<br \/>\nladen ein zum Dokumentarfilm\u00fcber &#8220;War and Justice&#8221; &#8211; \u00fcber den Internationalen Strafgerichtshof.<\/p>\n<p>Anschie\u00dfend Filmgespr\u00e4ch mit <em><strong>Regisseur Marcus Vetter<\/strong><\/em> und <em><strong>Rechtsanw\u00e4ltin Silke Studzinsky<\/strong><\/em><\/p>\n<p>Gewidmet ist der Film Benjamin Ferencz, dem j\u00fcngsten Chefankl\u00e4ger bei den N\u00fcrnberger Prozessen, der sein Leben lang daf\u00fcr k\u00e4mpfte, Krieg durch Gerechtigkeit zu ersetzen.<\/p>\n<p>Ausgehend von den N\u00fcrnberger Prozessen beschreibt der Film die erst 25-j\u00e4hrige Geschichte des Internationalen Strafgerichtshofs (ICC) in seiner Mission die schwersten Verbrechen an der Menschheit zu beenden. Ben Ferencz, ehemaliger Ankl\u00e4ger der N\u00fcrnberger Prozesse stellt fest, dass das gr\u00f6\u00dfte Verbrechen der Krieg selbst ist. Im Mittelpunkt des Films stehen Benjamin Ferencz, der Argentinier Luis Moreno-Ocampo, der 2003 zum ersten Chefankl\u00e4ger ernannt wurde und Karim Khan, der aktuelle Chefankl\u00e4ger des ICC. Die Regisseure Marcus Vetter und Michele Gentile folgen Luis Moreno Ocampo um die Welt, w\u00e4hrend er die Unterst\u00fctzung der Oscar-Preistr\u00e4gerin Angelina Jolie gewinnt und gemeinsam mit Ferencz und Khan gegen Kriege im Kongo, in Libyen, Pal\u00e4stina und der Ukraine k\u00e4mpft. Im Laufe des Films bekommt ein komplexes juristisches Verfahren ein Gesicht und der Zuschauer versteht, warum Angriffskriege, die Mutter aller Verbrechen, kaum vor Gericht gebracht werden k\u00f6nnen, wenn die gr\u00f6\u00dften Weltm\u00e4chte \u2013 China, Russland, Indien und die Vereinigten Staaten \u2013 immer noch nicht bereit sind, den ICC als globalen Gerichtshof anzuerkennen. Es gibt jedoch auch eine<br \/>\nandere L\u00f6sung, wie Ocampo im Film aufzeigt, allerdings sei daf\u00fcr eine Massenbewegung auf den Stra\u00dfen weltweit notwendig.<\/p>\n<p>Der Film ist ein Aufruf zum weltweiten Handeln gegen die Schrecken des Krieges.<\/p>\n<p>Im April 2023 stirbt Ferencz im Alter von 103 Jahren, doch Ocampo und Khan k\u00e4mpfen ihm zu Ehren weiter, entschlossener denn je, allen Angriffskriegen ein Ende zu setzen. Denn Kriege ziehen Rache nach sich, Gerechtigkeit nicht.<\/p>\n<p>Silke Studzinsky ist Rechtsanw\u00e4ltin in Berlin. Von 2008 bis 2021 war sie an verschiedenen internationalisierten Gerichten t\u00e4tig. Von 2013 bis 2015 arbeitete sie als rechtliche Beraterin beim &#8216;Trust Fund for Victims&#8217;des Internationalen Strafgerichtshofes.<\/p>\n<p>Spenden erbeten an: Cinema Jenin e.V., Verwendungszweck: War and Justice SprachversionenIBAN: DE84 6407 0085 0001 0530 73 BIC: DEUTDESS641<\/p>\n<p><a href=\"https:\/\/war-and-justice.de\">https:\/\/war-and-justice.de<\/a><\/p>\n<p>Eintritt frei<\/p>\n<p>Ort: Eine-Welt-Haus, Schwanthalerstra\u00dfe 80, M\u00fcnchen<\/p>\n<p>Das Eine-Welt-Haus ist erreichbar \u00fcber U4,U5 (Theresienwiese) oder Tram 18, 19, 29 (Hermann-Lingg-Stra\u00dfe), Gro\u00dfer Saal\/EG.<\/p>\n","protected":false},"excerpt":{"rendered":"<p>War and Justice &#8211; Filmvorf\u00fchrung und Gespr\u00e4ch mit Regisseur Marcus Vetter und Rechtsanw\u00e4ltin Silke Studzinsky Mittwoch, 13.11.2024 um 19.00 Uhr ; Eintritt frei Die Vereinigung demokratischer Juristinnen und Juristen e.V., Migration macht Gesellschaft e. V. und das NordS\u00fcdForum M\u00fcnchen e. V. laden ein zum Dokumentarfilm\u00fcber &#8220;War and Justice&#8221; &#8211; \u00fcber den Internationalen Strafgerichtshof. Anschie\u00dfend Filmgespr\u00e4ch [&hellip;]<\/p>\n","protected":false},"author":3,"featured_media":9394,"comment_status":"closed","ping_status":"closed","sticky":false,"template":"","format":"standard","meta":{"footnotes":""},"categories":[9,23],"tags":[],"class_list":["post-9408","post","type-post","status-publish","format-standard","has-post-thumbnail","hentry","category-uncategorized-tr","category-veranstaltungen-tr"],"_links":{"self":[{"href":"https:\/\/www.migration-macht-gesellschaft.de\/tr\/wp-json\/wp\/v2\/posts\/9408","targetHints":{"allow":["GET"]}}],"collection":[{"href":"https:\/\/www.migration-macht-gesellschaft.de\/tr\/wp-json\/wp\/v2\/posts"}],"about":[{"href":"https:\/\/www.migration-macht-gesellschaft.de\/tr\/wp-json\/wp\/v2\/types\/post"}],"author":[{"embeddable":true,"href":"https:\/\/www.migration-macht-gesellschaft.de\/tr\/wp-json\/wp\/v2\/users\/3"}],"replies":[{"embeddable":true,"href":"https:\/\/www.migration-macht-gesellschaft.de\/tr\/wp-json\/wp\/v2\/comments?post=9408"}],"version-history":[{"count":5,"href":"https:\/\/www.migration-macht-gesellschaft.de\/tr\/wp-json\/wp\/v2\/posts\/9408\/revisions"}],"predecessor-version":[{"id":9791,"href":"https:\/\/www.migration-macht-gesellschaft.de\/tr\/wp-json\/wp\/v2\/posts\/9408\/revisions\/9791"}],"wp:featuredmedia":[{"embeddable":true,"href":"https:\/\/www.migration-macht-gesellschaft.de\/tr\/wp-json\/wp\/v2\/media\/9394"}],"wp:attachment":[{"href":"https:\/\/www.migration-macht-gesellschaft.de\/tr\/wp-json\/wp\/v2\/media?parent=9408"}],"wp:term":[{"taxonomy":"category","embeddable":true,"href":"https:\/\/www.migration-macht-gesellschaft.de\/tr\/wp-json\/wp\/v2\/categories?post=9408"},{"taxonomy":"post_tag","embeddable":true,"href":"https:\/\/www.migration-macht-gesellschaft.de\/tr\/wp-json\/wp\/v2\/tags?post=9408"}],"curies":[{"name":"wp","href":"https:\/\/api.w.org\/{rel}","templated":true}]}}